{"id":2555,"date":"2019-03-03T17:19:05","date_gmt":"2019-03-03T17:19:05","guid":{"rendered":"http:\/\/arroyitoonline.com.ar\/?p=2555"},"modified":"2019-03-03T17:19:07","modified_gmt":"2019-03-03T17:19:07","slug":"ya-se-organiza-el-4o-rally-regional-en-arroyito","status":"publish","type":"post","link":"https:\/\/arroyitoonline.com.ar\/?p=2555","title":{"rendered":"Ya se organiza el 4\u00ba Rally Regional en Arroyito"},"content":{"rendered":"\n<p><strong>Las fechas establecidas son los d\u00edas 30 y 31 de marzo<\/strong><strong>, en forma conjunta pilotos, Municipio, Asociaci\u00f3n\nCivil de Pilotos Unidos de Rally Sierras Chicas 2002 y la Federaci\u00f3n. <\/strong><\/p>\n\n\n\n<p>Hace unos d\u00edas, el intendente Mauricio Cravero y el director\nde Deportes Gustavo Pecchio, se reunieron con un grupo de pilotos de Rally de\nnuestra ciudad.&nbsp;<\/p>\n\n\n\n<p>El motivo del encuentro, fue la solicitud, de parte de los\nnavegantes, de apoyo al Municipio para la realizaci\u00f3n de la 2\u00aa Fecha del Rally\nRegional temporada 2019, y la coordinaci\u00f3n de algunos aspectos de la\norganizaci\u00f3n.<\/p>\n\n\n\n<p>Las fechas\nestablecidas para nuestra ciudad son los d\u00edas 30 y 31 de marzo, en forma\nconjunta pilotos, Municipio, Asociaci\u00f3n Civil de Pilotos Unidos de Rally\nSierras Chicas 2002 y la Federaci\u00f3n Regional de Automovilismo Deportivo de la\nProvincia de C\u00f3rdoba.&nbsp;<\/p>\n\n\n\n<p>Recordamos que el a\u00f1o pasado se desarroll\u00f3 la 3\u00aa edici\u00f3n de\neste Rally en Arroyito, con total \u00e9xito y con un gran marco de p\u00fablico que\nacompa\u00f1\u00f3 a los referentes locales del deporte.<\/p>\n\n\n\n<p>Por su parte, una vez m\u00e1s, la actual gesti\u00f3n apuesta al\ndeporte motor, <em>\u201cbrindando apoyo y\nrecursos para llevarlo adelante, d\u00e1ndoles un espect\u00e1culo de gran calibre a los\nvecinos\u201d<\/em>, remarcaron. <\/p>\n\n\n\n<p>Adem\u00e1s, para la ocasi\u00f3n se conformar\u00e1 un comit\u00e9 de\nseguridad, donde estar\u00e1n presentes Polic\u00eda de Arroyito, Polic\u00eda Caminera,\nDefensa Civil, Hospital Municipal, inspectores municipales, Bomberos, Grupo\nEspecial de Rescate y Salvamento (GERS) dependiente de la Polic\u00eda de la\nProvincia de C\u00f3rdoba y radioaficionados.&nbsp;<\/p>\n\n\n\n<p>Todo el evento ser\u00e1 autorizado por el Consejo de Seguridad Deportiva Provincial (Cosedepro), lo cual se considera un aspecto fundamental para el desarrollo de este rally. <\/p>\n\n\n\n<p>Fuente: Prensa Municipal. <\/p>\n","protected":false},"excerpt":{"rendered":"<p>Las fechas establecidas son los d\u00edas 30 y 31 de marzo, en forma conjunta pilotos, Municipio, Asociaci\u00f3n Civil de Pilotos&hellip;<\/p>\n","protected":false},"author":3,"featured_media":2556,"comment_status":"closed","ping_status":"open","sticky":false,"template":"","format":"standard","meta":{"footnotes":""},"categories":[3],"tags":[66,67,836,253,276,277,454,527,868,555,556,672],"class_list":["post-2555","post","type-post","status-publish","format-standard","has-post-thumbnail","hentry","category-infodeporte","tag-arroyito","tag-arroyito-cordoba","tag-arroyito-online","tag-cravero","tag-deporte","tag-deportes","tag-intendente","tag-mauricio-cravero","tag-municipales-online","tag-municipalidad","tag-municipalidad-de-arroyito","tag-rally"],"_links":{"self":[{"href":"https:\/\/arroyitoonline.com.ar\/index.php?rest_route=\/wp\/v2\/posts\/2555","targetHints":{"allow":["GET"]}}],"collection":[{"href":"https:\/\/arroyitoonline.com.ar\/index.php?rest_route=\/wp\/v2\/posts"}],"about":[{"href":"https:\/\/arroyitoonline.com.ar\/index.php?rest_route=\/wp\/v2\/types\/post"}],"author":[{"embeddable":true,"href":"https:\/\/arroyitoonline.com.ar\/index.php?rest_route=\/wp\/v2\/users\/3"}],"replies":[{"embeddable":true,"href":"https:\/\/arroyitoonline.com.ar\/index.php?rest_route=%2Fwp%2Fv2%2Fcomments&post=2555"}],"version-history":[{"count":1,"href":"https:\/\/arroyitoonline.com.ar\/index.php?rest_route=\/wp\/v2\/posts\/2555\/revisions"}],"predecessor-version":[{"id":2557,"href":"https:\/\/arroyitoonline.com.ar\/index.php?rest_route=\/wp\/v2\/posts\/2555\/revisions\/2557"}],"wp:featuredmedia":[{"embeddable":true,"href":"https:\/\/arroyitoonline.com.ar\/index.php?rest_route=\/wp\/v2\/media\/2556"}],"wp:attachment":[{"href":"https:\/\/arroyitoonline.com.ar\/index.php?rest_route=%2Fwp%2Fv2%2Fmedia&parent=2555"}],"wp:term":[{"taxonomy":"category","embeddable":true,"href":"https:\/\/arroyitoonline.com.ar\/index.php?rest_route=%2Fwp%2Fv2%2Fcategories&post=2555"},{"taxonomy":"post_tag","embeddable":true,"href":"https:\/\/arroyitoonline.com.ar\/index.php?rest_route=%2Fwp%2Fv2%2Ftags&post=2555"}],"curies":[{"name":"wp","href":"https:\/\/api.w.org\/{rel}","templated":true}]}}