{"id":2558,"date":"2019-03-04T02:14:19","date_gmt":"2019-03-04T02:14:19","guid":{"rendered":"http:\/\/arroyitoonline.com.ar\/?p=2558"},"modified":"2019-03-04T02:14:20","modified_gmt":"2019-03-04T02:14:20","slug":"los-coreutas-locales-cumplieron-un-sueno-el-municipio-inauguro-su-auditorio","status":"publish","type":"post","link":"https:\/\/arroyitoonline.com.ar\/?p=2558","title":{"rendered":"Los coreutas locales cumplieron un sue\u00f1o: el Municipio inaugur\u00f3 su auditorio"},"content":{"rendered":"\n<p><strong>El director de los elencos\nvocales Joel Coronel se mostr\u00f3 agradecido por el logro de <em>\u201ceste desaf\u00edo \u00fanico en la zona\u201d<\/em>. <\/strong><\/p>\n\n\n\n<p>El jueves 28 de febrero, el\nMunicipio inaugur\u00f3 el Auditorio Coral. En el acto estuvieron presentes el intendente\nMauricio Cravero, la viceintendente Graciela Tristany, secretarios del\nEjecutivo, directores, concejales, profesores, alumnos de los diferentes Coros,\nautoridades eclesi\u00e1sticas, miembros de instituciones intermedias y p\u00fablico en\ngeneral.<\/p>\n\n\n\n<p>En primer t\u00e9rmino se entonaron\nlas estrofas del Himno Nacional, a cargo del ensamble de bronces de la Banda\nSinf\u00f3nica dirigido por el Prof. Gerardo Ju\u00e1rez.<\/p>\n\n\n\n<p>Adem\u00e1s, al espect\u00e1culo se sumaron\nlos Talleres de Teatro, conducido por la profesora Ayel\u00e9n Juan, y de pintura a cargo\nde la docente Andrea Moya. Las alumnas posaron como estatuas vivientes\nadornadas con body painting, en cada rinc\u00f3n del patio de la Casa de la Cultura,\ndesde donde se accede al auditorio.<\/p>\n\n\n\n<p>A su tiempo, el secretario de\nObras P\u00fablicas Daniel Lafarina explic\u00f3, sobre la construcci\u00f3n del inmueble a\nsus \u00f3rdenes, que <em>\u201cno es algo habitual en\nla vida institucional en una ciudad, por lo tanto se nos plantearon miles de\ninterrogantes, que de a poco fuimos resolviendo. Y, mirando hacia atr\u00e1s en el\ntiempo transcurrido, no me cabe duda de que hemos logrado un magn\u00edfica\nauditorio, donde cada elemento que la compone tiene un porqu\u00e9\u201d<\/em>, agregando\nque <em>\u201cen la ac\u00fastica, la morfolog\u00eda es\nsimilar a la de un altoparlante o meg\u00e1fono donde el volumen m\u00e1s peque\u00f1o lo\nocupa el escenario y que va aumentando a medida que nos vamos alejando desde\nall\u00ed. Y donde los materiales empleados favorecen la refracci\u00f3n del sonido. Tiene\ndoble ingreso, que puede ser a trav\u00e9s de las Casa de la Cultura o por calle\nRivadavia 350, para el caso en que fuera necesario que no se crucen artistas\ncon espectadores. Hemos logrado un escenario elevado para favorecer la visual\ndel p\u00fablico, en la que pueden asistir c\u00f3modamente 100 espectadores sentados\u201d<\/em>.<\/p>\n\n\n\n<p>Se trata de un Auditorio Coral\nque cuenta con moderna y est\u00e9tica iluminaci\u00f3n. Adem\u00e1s de estructuras y\ncanalizaciones para que mejore la puesta en escena, por ejemplo barrales desde\ndonde pueden colocarse faroles direccionales. Con un espacio funcional para\ncamarines de los artistas y guardado de instrumentos o elementos de utiler\u00eda.<\/p>\n\n\n\n<p><em>\u201cUn nuevo espacio p\u00fablico cultural abierto e inclusivo. Donde los\ncolores forman parte de una est\u00e9tica que busca la unificaci\u00f3n de una identidad\nvisual. Creamos un Auditorio donde hasta la grafica y los componentes\nmateriales buscan una comunicaci\u00f3n visual simple y eficiente para el receptor\u201d<\/em>,\ncerr\u00f3 Lafarina. <\/p>\n\n\n\n<figure class=\"wp-block-image\"><img loading=\"lazy\" decoding=\"async\" width=\"1024\" height=\"577\" src=\"http:\/\/arroyitoonline.com.ar\/wp-content\/uploads\/2019\/03\/auditorio-coral-de-archivo-1024x577.jpg\" alt=\"\" class=\"wp-image-2560\" srcset=\"https:\/\/arroyitoonline.com.ar\/wp-content\/uploads\/2019\/03\/auditorio-coral-de-archivo-1024x577.jpg 1024w, https:\/\/arroyitoonline.com.ar\/wp-content\/uploads\/2019\/03\/auditorio-coral-de-archivo-300x169.jpg 300w, https:\/\/arroyitoonline.com.ar\/wp-content\/uploads\/2019\/03\/auditorio-coral-de-archivo-768x433.jpg 768w, https:\/\/arroyitoonline.com.ar\/wp-content\/uploads\/2019\/03\/auditorio-coral-de-archivo.jpg 1198w\" sizes=\"auto, (max-width: 1024px) 100vw, 1024px\" \/><figcaption> <br>E<em>statuas vivientes adornadas con body painting, coordinadas por las docentes Ayel\u00e9n Juan y Andrea Moya. <\/em><\/figcaption><\/figure>\n\n\n\n<p>Despu\u00e9s, habl\u00f3 el director del\nCoro, profesor Joel Coronel quien manifest\u00f3 que <em>\u201cC\u00f3mo expresar lo vivido, el sue\u00f1o hecho realidad, ya no vamos a estar\nensayando, y dando conciertos en diferentes lugares, y la promesa se convirti\u00f3\nen hecho\u201d<\/em>. Joel tambi\u00e9n agradeci\u00f3 al intendente Mauricio Cravero <em>\u201cpor creer en nosotros, en nuestros\ncoreutas, en cada coro, por avanzar a pesar de las pruebas. Sin su apoyo, sin\nsu equipo de trabajo esto no podr\u00eda haberse llevado a cabo, al Ing. Daniel\nLafarina por llevar a cabo este desaf\u00edo \u00fanico en la zona y dirigir cada paso en\nla obra. A todos los trabajadores que pusieron su impronta, su mano de trabajo\nen cada \u00e1rea, para que este auditorio tenga el nivel que tiene. A la arquitecta\nNoelia Dell Erba, muchas gracias por todo tu trabajo. A mis compa\u00f1eros de\ncultura, por acompa\u00f1arme y aconsejarme, a Viviana Sam Sam, Gerardo Enrique\nLemos, a las chicas de cultura por estar siempre. Al Coro de C\u00e1mara Municipal,\nInfanto Juvenil Municipal, de Adultos Mayores, Coro de Italianos y Coro\nPreparatorio por luchar a mi lado, por confiar en m\u00ed, por acompa\u00f1arme, por\napreciarme como lo hacen, aunque no me lo merezca. A mis colegas del Ballet\nMunicipal que enriquecieron la inauguraci\u00f3n con su danza.&nbsp;A mis amigos\ninstrumentistas Diego Nagel con su bandone\u00f3n \u00fanico para acompa\u00f1arnos con\nPiazzolla, y Alfredo Rivero en la percusi\u00f3n por estar siempre presente y a los\nprofesores de la Banda Sinf\u00f3nica Municipal por acompa\u00f1arnos\u201d<\/em>.<\/p>\n\n\n\n<p>A continuaci\u00f3n, el&nbsp;cura\np\u00e1rroco presb\u00edtero Gabriel Camusso bendijo el Auditorio Coral Municipal,\nponi\u00e9ndolo en manos de la patrona de la m\u00fasica, Santa Cecilia. <\/p>\n\n\n\n<p>Despu\u00e9s lleg\u00f3 el momento de\nreconocimientos a coreutas por su trayectoria y a los instrumentistas que\ncolaboraron siempre con el coro. Coreautas: Oscar Cambronero, Ramiro Vargas,\nRamiro Ferace, Adriana Ferreyra, Mar\u00eda Teresa Cabrera, Sonia Orellano, Melani\nMena y Selene Mena.&nbsp;Instrumentistas: Prof. Diego Nagel y Alfredo Rivero.<\/p>\n\n\n\n<p>Tambi\u00e9n se reconoci\u00f3 a la\ndirectora que tuvo a cargo durante muchos a\u00f1os los coros dejando sus huellas\nemblem\u00e1ticas y significativas para la posteridad, la exprofesora del Coro\nInfanto Juvenil Teresa Rubiolo de Ferace.<\/p>\n\n\n\n<p>Continuando con el desarrollo del\nacto, autoridades descubrieron una placa y cortaron la tradicional cinta,\ndejando inaugurado el Auditorio de manera formal. <\/p>\n\n\n\n<p>Sobre el final, el p\u00fablico\ningres\u00f3 al auditorio y los coros interpretaron temas acompa\u00f1ados por el Ballet\nMunicipal que dirige Viviana Pedernera y con el ensamble de bronces de la Banda\nSinf\u00f3nica.&nbsp;<\/p>\n\n\n\n<p>Una velada plena de emociones donde se conjug\u00f3 la intervenci\u00f3n de todas las disciplinas art\u00edsticas en un espacio donde la Cultura estar\u00e1 siempre presente.<\/p>\n\n\n\n<p>Fuente: Prensa Municipal.<\/p>\n","protected":false},"excerpt":{"rendered":"<p>El director de los elencos vocales Joel Coronel se mostr\u00f3 agradecido por el logro de \u201ceste desaf\u00edo \u00fanico en la&hellip;<\/p>\n","protected":false},"author":3,"featured_media":2559,"comment_status":"closed","ping_status":"open","sticky":false,"template":"","format":"standard","meta":{"footnotes":""},"categories":[2],"tags":[66,67,836,158,247,253,259,864,454,527,868,555,556,559],"class_list":["post-2558","post","type-post","status-publish","format-standard","has-post-thumbnail","hentry","category-cultura-y-espectaculos","tag-arroyito","tag-arroyito-cordoba","tag-arroyito-online","tag-casa-de-la-cultura","tag-coro","tag-cravero","tag-cultura","tag-cultura-y-espectaculos-online","tag-intendente","tag-mauricio-cravero","tag-municipales-online","tag-municipalidad","tag-municipalidad-de-arroyito","tag-musica"],"_links":{"self":[{"href":"https:\/\/arroyitoonline.com.ar\/index.php?rest_route=\/wp\/v2\/posts\/2558","targetHints":{"allow":["GET"]}}],"collection":[{"href":"https:\/\/arroyitoonline.com.ar\/index.php?rest_route=\/wp\/v2\/posts"}],"about":[{"href":"https:\/\/arroyitoonline.com.ar\/index.php?rest_route=\/wp\/v2\/types\/post"}],"author":[{"embeddable":true,"href":"https:\/\/arroyitoonline.com.ar\/index.php?rest_route=\/wp\/v2\/users\/3"}],"replies":[{"embeddable":true,"href":"https:\/\/arroyitoonline.com.ar\/index.php?rest_route=%2Fwp%2Fv2%2Fcomments&post=2558"}],"version-history":[{"count":1,"href":"https:\/\/arroyitoonline.com.ar\/index.php?rest_route=\/wp\/v2\/posts\/2558\/revisions"}],"predecessor-version":[{"id":2561,"href":"https:\/\/arroyitoonline.com.ar\/index.php?rest_route=\/wp\/v2\/posts\/2558\/revisions\/2561"}],"wp:featuredmedia":[{"embeddable":true,"href":"https:\/\/arroyitoonline.com.ar\/index.php?rest_route=\/wp\/v2\/media\/2559"}],"wp:attachment":[{"href":"https:\/\/arroyitoonline.com.ar\/index.php?rest_route=%2Fwp%2Fv2%2Fmedia&parent=2558"}],"wp:term":[{"taxonomy":"category","embeddable":true,"href":"https:\/\/arroyitoonline.com.ar\/index.php?rest_route=%2Fwp%2Fv2%2Fcategories&post=2558"},{"taxonomy":"post_tag","embeddable":true,"href":"https:\/\/arroyitoonline.com.ar\/index.php?rest_route=%2Fwp%2Fv2%2Ftags&post=2558"}],"curies":[{"name":"wp","href":"https:\/\/api.w.org\/{rel}","templated":true}]}}