{"id":2562,"date":"2019-03-04T02:44:29","date_gmt":"2019-03-04T02:44:29","guid":{"rendered":"http:\/\/arroyitoonline.com.ar\/?p=2562"},"modified":"2019-03-04T02:44:30","modified_gmt":"2019-03-04T02:44:30","slug":"como-funcionaran-los-servicios-publicos-durante-el-feriado-de-carnaval","status":"publish","type":"post","link":"https:\/\/arroyitoonline.com.ar\/?p=2562","title":{"rendered":"C\u00f3mo funcionar\u00e1n los Servicios P\u00fablicos durante el feriado de Carnaval"},"content":{"rendered":"\n<p><strong>Qu\u00e9 suceder\u00e1 con la recolecci\u00f3n de residuos, poda y escombros, venta de energ\u00eda prepaga y comercios.<\/strong><\/p>\n\n\n\n<p>La Municipalidad de la ciudad\nde&nbsp; Arroyito, a trav\u00e9s del \u00e1rea de Servicios P\u00fablicos&nbsp; inform\u00f3 c\u00f3mo\nfuncionar\u00e1n los servicios p\u00fablicos, de cara a los feriados del lunes 4 y el\nmartes 5 de marzo, correspondientes a la festividad pagana del Carnaval. <\/p>\n\n\n\n<p>En esas jornadas, la\nrecolecci\u00f3n domiciliaria de residuos ser\u00e1 normal. Mientras tanto, la\nrecolecci\u00f3n de poda y escombros se realizar\u00e1 solo por la ma\u00f1ana de ambos d\u00edas. <\/p>\n\n\n\n<p>Por su parte, la Administraci\u00f3n de la Cooperativa de Electricidad y Servicios P\u00fablicos de Arroyito Limitada no atender\u00e1 al p\u00fablico. Por lo tanto, desde la Cespal rogaron que se tomen los recaudos necesarios para la compra de<strong>\u00a0energ\u00eda prepaga<\/strong>,\u00a0recordando que los horarios de atenci\u00f3n en la\u00a0<strong>Estaci\u00f3n Marther <\/strong>son de<strong> 8:00 a 13:00 y de 15:00 a 1:00<\/strong>. <\/p>\n\n\n\n<p>Adem\u00e1s, los comercios de la ciudad atender\u00e1n de manera diferenciada, entendi\u00e9ndose que el lunes solo lo har\u00e1n los de los rubros gastron\u00f3micos y supermercados y el martes, casi todos abrir\u00e1n sus puertas con normalidad.<\/p>\n","protected":false},"excerpt":{"rendered":"<p>Qu\u00e9 suceder\u00e1 con la recolecci\u00f3n de residuos, poda y escombros, venta de energ\u00eda prepaga y comercios. La Municipalidad de la&hellip;<\/p>\n","protected":false},"author":3,"featured_media":2563,"comment_status":"closed","ping_status":"open","sticky":false,"template":"","format":"standard","meta":{"footnotes":""},"categories":[879],"tags":[66,67,836,155,183,330,367,510,555,556,731,732],"class_list":["post-2562","post","type-post","status-publish","format-standard","has-post-thumbnail","hentry","category-servicios-publicos","tag-arroyito","tag-arroyito-cordoba","tag-arroyito-online","tag-carnaval","tag-cespal","tag-energia","tag-feriado","tag-luz","tag-municipalidad","tag-municipalidad-de-arroyito","tag-servicios","tag-servicios-publicos"],"_links":{"self":[{"href":"https:\/\/arroyitoonline.com.ar\/index.php?rest_route=\/wp\/v2\/posts\/2562","targetHints":{"allow":["GET"]}}],"collection":[{"href":"https:\/\/arroyitoonline.com.ar\/index.php?rest_route=\/wp\/v2\/posts"}],"about":[{"href":"https:\/\/arroyitoonline.com.ar\/index.php?rest_route=\/wp\/v2\/types\/post"}],"author":[{"embeddable":true,"href":"https:\/\/arroyitoonline.com.ar\/index.php?rest_route=\/wp\/v2\/users\/3"}],"replies":[{"embeddable":true,"href":"https:\/\/arroyitoonline.com.ar\/index.php?rest_route=%2Fwp%2Fv2%2Fcomments&post=2562"}],"version-history":[{"count":1,"href":"https:\/\/arroyitoonline.com.ar\/index.php?rest_route=\/wp\/v2\/posts\/2562\/revisions"}],"predecessor-version":[{"id":2564,"href":"https:\/\/arroyitoonline.com.ar\/index.php?rest_route=\/wp\/v2\/posts\/2562\/revisions\/2564"}],"wp:featuredmedia":[{"embeddable":true,"href":"https:\/\/arroyitoonline.com.ar\/index.php?rest_route=\/wp\/v2\/media\/2563"}],"wp:attachment":[{"href":"https:\/\/arroyitoonline.com.ar\/index.php?rest_route=%2Fwp%2Fv2%2Fmedia&parent=2562"}],"wp:term":[{"taxonomy":"category","embeddable":true,"href":"https:\/\/arroyitoonline.com.ar\/index.php?rest_route=%2Fwp%2Fv2%2Fcategories&post=2562"},{"taxonomy":"post_tag","embeddable":true,"href":"https:\/\/arroyitoonline.com.ar\/index.php?rest_route=%2Fwp%2Fv2%2Ftags&post=2562"}],"curies":[{"name":"wp","href":"https:\/\/api.w.org\/{rel}","templated":true}]}}