{"id":2568,"date":"2019-03-05T04:17:19","date_gmt":"2019-03-05T04:17:19","guid":{"rendered":"http:\/\/arroyitoonline.com.ar\/?p=2568"},"modified":"2019-03-05T13:40:02","modified_gmt":"2019-03-05T13:40:02","slug":"cravero-la-municipalidad-tiene-el-nivel-de-endeudamiento-mas-bajo-de-la-historia","status":"publish","type":"post","link":"https:\/\/arroyitoonline.com.ar\/?p=2568","title":{"rendered":"Cravero: \u201cLa Municipalidad tiene el nivel de endeudamiento m\u00e1s bajo de la historia\u201d"},"content":{"rendered":"\n<p><strong>As\u00ed lo afirm\u00f3 el\nintendente en el discurso que inaugur\u00f3 el Per\u00edodo 2019 de Sesiones Ordinarias\ndel Concejo Deliberante. <\/strong><\/p>\n\n\n\n<p>El viernes 1\u00ba de marzo, en el Sal\u00f3n Parroquial, qued\u00f3 inaugurado un nuevo per\u00edodo de sesiones ordinarias del Concejo Deliberante. Luego de 16 a\u00f1os, y tras la renuncia al cargo de Claudio Vittone por razones personales, jur\u00f3 la nueva secretaria del cuerpo deliberativo, <a href=\"http:\/\/arroyitoonline.com.ar\/info-online\/politica\/la-grafologa-flaviana-francesse-es-la-nueva-secretaria-del-concejo-deliberante\/\">Flaviana Francesse<\/a>. Su designaci\u00f3n, que se produjo durante la sesi\u00f3n preparatoria del lunes 25 de febrero, fue primicia de <strong>Arroyito Online<\/strong>. <\/p>\n\n\n\n<p>A continuaci\u00f3n se mencionaron los nombres de las nuevas\nautoridades del Concejo: presidente provisorio, Alejandra Dellavale; vicepresidente\nprimero, Jes\u00fas Beigveder, y vicepresidente segundo, Juan Jos\u00e9 Sileone. Tambi\u00e9n\nlos presidentes de cada Bloque; del Radicalismo, Claudio Franceschi; del\nVecinalismo Independiente, Wilson Genesio; de Uni\u00f3n Por C\u00f3rdoba, Marcelo\nFerrero, y Carolina Ciancia de su Bloque unipersonal. <\/p>\n\n\n\n<figure class=\"wp-block-embed-facebook wp-block-embed is-type-video is-provider-facebook\"><div class=\"wp-block-embed__wrapper\">\nhttps:\/\/www.facebook.com\/2352090848352136\/videos\/1631421373670638\/\n<\/div><figcaption><em>La transmisi\u00f3n de Arroyito Online, completa y en tiempo real. <\/em><\/figcaption><\/figure>\n\n\n\n<p>M\u00e1s tarde pronunci\u00f3 palabras la presidente natural\ndel Poder Legislativo local, Graciela Tristany de P\u00e9cile. La viceintendente\nempez\u00f3 diciendo que <em>\u201csiendo mi \u00faltimo\ndiscurso, quiero aclarar que no me fui a ofrecer al radicalismo, ellos vinieron\na buscarme\u201d<\/em>. Chela explic\u00f3 adem\u00e1s que, cuando Cravero le ofreci\u00f3\nacompa\u00f1arlo, le dio cinco d\u00edas para que lo pensara y ella lo consult\u00f3 con el\npadre Vidotto y con el jurista G\u00f3mez de San Francisco, a lo que ellos le\ndijeron que <em>\u201csi pudiste llevar adelante\nel Titanic de tu vida pod\u00e9s llevar esto\u201d<\/em>. En su breve discurso, Tristany\nelogi\u00f3 el gobierno del que forma parte aseverando que <em>\u201cse preocup\u00f3 por el ladrillo y por la cultura\u201d<\/em>. Tambi\u00e9n aclar\u00f3 que <em>\u201cno nombr\u00e9 un secretario para ahorrar un\nsueldo\u201d<\/em>. <\/p>\n\n\n\n<p>La segunda m\u00e1xima autoridad de la ciudad expres\u00f3 su\nagradecimiento a los comerciantes <em>\u201cque\nnunca mi insinuaron una coima\u201d<\/em> y llam\u00f3 a los concejales <em>\u201cpeque\u00f1os grandes leones\u201d<\/em>, con quienes\npudo trabajar en un marco de la diplomacia y el respeto puros, a\u00fan en las\ndiferencias.<\/p>\n\n\n\n<figure class=\"wp-block-image\"><img loading=\"lazy\" decoding=\"async\" width=\"1024\" height=\"576\" src=\"http:\/\/arroyitoonline.com.ar\/wp-content\/uploads\/2019\/03\/Chela-de-archivo-1024x576.jpg\" alt=\"\" class=\"wp-image-2593\" srcset=\"https:\/\/arroyitoonline.com.ar\/wp-content\/uploads\/2019\/03\/Chela-de-archivo-1024x576.jpg 1024w, https:\/\/arroyitoonline.com.ar\/wp-content\/uploads\/2019\/03\/Chela-de-archivo-300x169.jpg 300w, https:\/\/arroyitoonline.com.ar\/wp-content\/uploads\/2019\/03\/Chela-de-archivo-768x432.jpg 768w, https:\/\/arroyitoonline.com.ar\/wp-content\/uploads\/2019\/03\/Chela-de-archivo.jpg 2048w\" sizes=\"auto, (max-width: 1024px) 100vw, 1024px\" \/><figcaption> <br><em>La presidente natural del Concejo pronunciando su discurso anual.\u00a0Foto:\u00a0Benjam\u00edn\u00a0Farnochi,\u00a0para\u00a0Arroyito\u00a0Online.<\/em> <\/figcaption><\/figure>\n\n\n\n<p>Por \u00faltimo, pidi\u00f3 que <em>\u201cpara votar tengamos memoria, que no nos mientan. No pensemos en hacer\nla quinta propia sino en el pr\u00f3jimo. La pol\u00edtica en todas partes es causa y\nconsecuencia de los cambios sociales de todo el mundo, es un juego completo y\nretorcido que afecta al mundo entero. Hacemos pol\u00edtica todo el tiempo sin\nquerer\u201d<\/em>. <\/p>\n\n\n\n<p><strong>El discurso del\nintendente<\/strong><\/p>\n\n\n\n<p>El su \u00faltimo discurso inaugural del Per\u00edodo de\nSesiones Ordinarias del Concejo Deliberante, el intendente Mauricio Cravero\nhabl\u00f3 por cerca de 25 minutos. Su alocuci\u00f3n contuvo dos partes. La primera fue\na modo de presentaci\u00f3n y agradecimientos. A continuaci\u00f3n, se proyect\u00f3 un video\ncon la palabra de funcionarios de la actual gesti\u00f3n comentando las obras\nconcretadas en estos siete a\u00f1os. Por \u00faltimo, el jefe municipal desglos\u00f3 43\npromesas para lo que ser\u00e1n los \u00faltimos meses de \u00e9ste, su segundo per\u00edodo a\ncargo del Municipio local. <\/p>\n\n\n\n<p><em>\u201cCo<\/em><em>n mucho orgullo podemos decir que hemos cumplido m\u00e1s del\n90% de las cosas que prometimos llevar adelante en 2018\u201d<\/em>, dijo\nel intendente teniendo en cuenta su exposici\u00f3n del a\u00f1o anterior y aclarando que\n<em>\u201cno es en vano que casi el 80% de la\ncomunidad toda, acepta este gobierno municipal, porcentajes estos que nos llenan\nde satisfacci\u00f3n, pero a la vez de mucha responsabilidad para sostenerlos hasta\ndiciembre de este a\u00f1o\u201d. Tambi\u00e9n asever\u00f3 que (a este \u00faltimo discurso) \u201clo tomo\ncomo una verdadera rendici\u00f3n de cuentas de estos siete a\u00f1os de gesti\u00f3n\u201d<\/em>. <\/p>\n\n\n\n<p>En cuanto a la dotaci\u00f3n de personal, al 31 de\ndiciembre de 2018, el Municipio ten\u00eda la siguiente cantidad de empleados: 192 personas\nen Planta Permanente, 31 en Planta Pol\u00edtica \u2013incluyendo a nueve concejales, tres\ntribunos de cuentas, dos asesores de bloque y un secretario del Concejo- y 147\ncontratados; totalizando 370 agentes. Del total del presupuesto, el 45,70% est\u00e1\ndestinado al rubro personal. A esa fecha hab\u00eda 52 becas municipales. En todos\nestos a\u00f1os la Municipalidad ha realizado los pagos a sus empleados el \u00faltimo\nd\u00eda h\u00e1bil de cada mes, encontr\u00e1ndose al d\u00eda con los proveedores; como as\u00ed\ntambi\u00e9n con los aportes a la obra social y a la Caja de&nbsp; Jubilaciones. <em>\u201cLa Municipalidad tiene el nivel de endeudamiento m\u00e1s bajo de la\nhistoria\u201d<\/em>, remarc\u00f3 el intendente. <\/p>\n\n\n\n<p>En diciembre del a\u00f1o 2011 se contaba con 235 agentes\nen Planta Permanente y en diciembre del a\u00f1o 2018, con 192. Luego de producirse\nesa baja considerable \u2013o sea 43 vacantes-, en los pr\u00f3ximos d\u00edas nombrar\u00e1n 46\nagentes en Planta Permanente, los que vienen revistiendo la categor\u00eda de\ncontratados. Estas personas fueron elegidas por medio de un concurso interno de\nantecedentes y entrevistas personales, por parte de la junta examinadora. As\u00ed\nlo solicita el Estatuto Municipal. <em>\u201cAqu\u00ed\nme quiero detener unos segundos, es la primera vez en la historia de la Municipalidad\nque no se incorpora personal de Planta Permanente a dedo. Sino que se realiz\u00f3\nde manera transparente y honesta la elecci\u00f3n de cada uno de los agentes. Por\nello quiero hacerle un reconocimiento p\u00fablico a cada uno de los integrantes de\nla junta por el trabajo y el compromiso asumidos. Ellos son M\u00f3nica Rodriguez y Juliana\nMendoza, Beatriz Bassano, Vicente P\u00e9rez, Walter Juncos y Diego Dom\u00ednguez\u201d<\/em>,\nse\u00f1al\u00f3 Cravero. <\/p>\n\n\n\n<p><strong>Las promesas<\/strong><\/p>\n\n\n\n<ol class=\"wp-block-list\"><li>Continuidad\na las obras de viviendas de Planes Casa y Casa Social\u2026 Entrega de la casa\nmunicipal n\u00famero 360.<\/li><li>Lanzamiento\nde un plan municipal de viviendas de 100 nuevas unidades habitacionales con el\nprograma Mi Primer Hogar. Entrega de 25 unidades por a\u00f1o. <\/li><\/ol>\n\n\n\n<p><em>En el paraje\nEl Fuertecito:<\/em><\/p>\n\n\n\n<ul class=\"wp-block-list\"><li>Realizaci\u00f3n\nde un paseo del caminante, con senderos, iluminaci\u00f3n, isla deportiva, en la\nvera del ferrocarril.<\/li><li>Mudanza\nde la Biblioteca al espacio cultural para dar all\u00ed mayores comodidades a los\nlectores y ampliaci\u00f3n de la posta sanitaria dot\u00e1ndola de mejor infraestructura\npara dar una correcta atenci\u00f3n con mayores comodidades.<\/li><\/ul>\n\n\n\n<p><em>En el\nParaje La Curva:<\/em><\/p>\n\n\n\n<ul class=\"wp-block-list\"><li>Continuaci\u00f3n\nde la ciclov\u00eda con una distancia aproximada de 4.000 metros.<\/li><li>Continuidad\nde la inversi\u00f3n comprometida en el Sal\u00f3n de Usos M\u00faltiples de La Curva. Realizaci\u00f3n\nde sanitarios y secretar\u00eda. <\/li><li>En la\nzona de la escuela de La Curva colocaci\u00f3n de un nuevo punto verde.<\/li><li>En este\nmes de marzo el Ejecutivo enviar\u00e1 el proyecto de ordenanza de licitaci\u00f3n de 250\nmetros lineales de canal de la calle Rafael Bianchi. Una Inversi\u00f3n estimada en\n$6.000.000.<\/li><li>Concreci\u00f3n\nde la descentralizaci\u00f3n de la administraci\u00f3n p\u00fablica para estar m\u00e1s cerca del\nvecino en la zona sur de la ciudad.<\/li><li>Luego\nde la toma de posesi\u00f3n de la Ex\u2013Casita a fines de a\u00f1o 2018, comienzo de los\ntrabajos de alba\u00f1iler\u00eda para la mudanza del PreNAF y la dotaci\u00f3n de mayores\ncomodidades a las diversas actividades que se desarrollan en esa dependencia.<\/li><li>El\nMunicipio firmar\u00e1 un Convenio con el Gobierno de C\u00f3rdoba para el desarrollo del\nprograma de atenci\u00f3n a las adicciones.<\/li><li>El\nEjecutivo trabajar\u00e1 juntamente con las autoridades de PAMI Arroyito para que el\nMunicipio alquile un nuevo local, con el \u00fanico objetivo de dar mejor atenci\u00f3n a\nlos afiliados. <\/li><\/ul>\n\n\n\n<p>El Municipio cuenta con una Subdelegaci\u00f3n de Derechos\nHumanos de la Naci\u00f3n que funciona en la Casa de la Cultura y la remuneraci\u00f3n de\nla persona que ah\u00ed trabaja corresponde en forma total al Gobierno Nacional. <\/p>\n\n\n\n<p><em>En\nmateria de obra P\u00fablica:<\/em><\/p>\n\n\n\n<ol class=\"wp-block-list\"><li>Realizaci\u00f3n\nde una nueva perforaci\u00f3n en el sector sur de la ciudad acompa\u00f1ando el\ncrecimiento de esa zona y evitando problemas de suministro.<\/li><li>Desarrollo\nde una nueva obra de sanitarios y vestuarios en el corral\u00f3n municipal.<\/li><li>Nueva\nobra de ba\u00f1os p\u00fablicos en la Plaza 25 de Mayo, por un expreso pedido de la\nconcejala Carolina Ciancia.<\/li><li>El 8 de\nabril licitar\u00e1n la Obra de Cloacas del Sector Sur de la ciudad por parte del\ngobierno de la Provincia de C\u00f3rdoba, esto har\u00e1 que los vecinos de ese sector NO\ntengan que pagar nada por la obra maestra.<\/li><li>Seguir\u00e1\nla revalorizaci\u00f3n de los espacios p\u00fablicos. En los pr\u00f3ximos d\u00edas le tocar\u00e1 el\nturno a la plaza Ceberino Gudi\u00f1o y luego a la Plazoleta 50 a\u00f1os de Cespal.<\/li><li>Cambio\nde todos los sistemas de iluminaci\u00f3n de las Plazas 25 de Mayo y Eva Per\u00f3n.<\/li><li>Realizaci\u00f3n\nde una nueva plaza en el sector sur de la ciudad al final de la construcci\u00f3n\ndel plan de viviendas municipales.<\/li><li>Continuidad\nde las gestiones del terreno ubicado en la intersecci\u00f3n de calles Ra\u00fal Alfons\u00edn\ny Falucho para la realizaci\u00f3n de una nueva plaza en ese lugar y colocaci\u00f3n de\nun nuevo punto verde.<\/li><li>Comienzo\nde las obras en el parque industrial. Primero se producir\u00e1 el env\u00edo de toda la\ndocumentaci\u00f3n al Concejo Deliberante con la donaci\u00f3n de la tierra por parte de\nla empresa Arcor y de ah\u00ed empezar\u00e1n con la apertura de calles y todo lo\nrelacionado a su iniciaci\u00f3n.<\/li><li>En el\nbarrio IPV, continuidad de las obras de adoquinado y\/o asfalto de sus calles de\ntierra.<\/li><li>Continuidad\nde la ciclov\u00eda que pasa detr\u00e1s de ex\u2013Hotel Xanaes hasta calle Pac\u00edfico Giusti.<\/li><li>Se\naguarda que Vialidad Nacional autorice la colocaci\u00f3n de Sem\u00e1foros en Ruta\nNacional 19 y Avda. Careto\/Bernardi.<\/li><li>Llamado\na un concurso de ideas por medio del Consejo de Arquitectos, para la realizaci\u00f3n,\nal lado del actual Municipio, de un nuevo edificio. <\/li><\/ol>\n\n\n\n<p>En los pr\u00f3ximos d\u00edas, el Ejecutivo recorrer\u00e1 cada una\nde las empresas, PyMEs y comercios para hacer un diagn\u00f3stico de la realidad que\nest\u00e1n pasando.<\/p>\n\n\n\n<ul class=\"wp-block-list\"><li>Lanzamiento\ndel programa de Acompa\u00f1amiento Terap\u00e9utico que depender\u00e1 de PreNAF. <\/li><\/ul>\n\n\n\n<p><em>En\nMateria cultural:<\/em><\/p>\n\n\n\n<ul class=\"wp-block-list\"><li>Lanzamiento\ndel 1er Foro Creativo<\/li><\/ul>\n\n\n\n<p>Es una jornada en la que estar\u00e1n invitados todos los\nartistas de nuestra ciudad (m\u00fasicos, pintores, poetas, artesanos, bailarines y\ndem\u00e1s expresiones del arte), donde todos se van a inscribir en un \u00fanico\nregistro, pero adem\u00e1s est\u00e1n convocados los dem\u00e1s actores de la industria\ncultural como cine, radios, tv, gastron\u00f3micos, hoteles, museo, fotograf\u00eda,\ndise\u00f1o.<\/p>\n\n\n\n<ul class=\"wp-block-list\"><li>En un\nproceso de renovaci\u00f3n del Teatrillo Municipal, despeje del sal\u00f3n contiguo para\nque pueda estar a disposici\u00f3n del Ballet Municipal y que lo puedan utilizar en\ntodo momento.<\/li><li>Realizaci\u00f3n\nde la 6\u00aa edici\u00f3n de Arroyito La Dulce Ciudad del pa\u00eds, que dejar\u00e1 de ser\nprovincial para pasar a ser una Fiesta Nacional.<\/li><\/ul>\n\n\n\n<p>El mi\u00e9rcoles 6 de marzo empezar\u00e1 el ciclo lectivo en\nla escuela PROA, cuya sede funcionar\u00e1 de manera provisoria en el inmueble de la\nEx\u2013COA \u2013ubicado en Falucho esquina Humberto Primo- (cedido por el cura p\u00e1rroco\nGabriel Camusso, de manera gratuita). En los pr\u00f3ximos meses el gobierno de C\u00f3rdoba\nempezar\u00e1 la obra del edificio nuevo en el terreno donado por la empresa Arcor situado\nen la manzana comprendida por las calles Storni, Quintela, G\u00fcemes y L\u00f3pez y\nPlanes.<\/p>\n\n\n\n<ul class=\"wp-block-list\"><li>En\ncuanto a la Biblioteca Municipal, puesta en funcionamiento de la Biblioteca\nDigital, con acceso por medio del celular a 4.000 ejemplares. Esto se logra mediante\nel convenio de reciprocidad firmado con el Gobierno Aut\u00f3nomo de la Ciudad de Buenos\nAires. <\/li><li>En el Hospital\nMunicipal de atenci\u00f3n regional, provisi\u00f3n de las historias cl\u00ednicas digitales,\nque lo har\u00e1 uno de los \u00fanicos hospitales municipales con dicha tecnolog\u00eda. Adem\u00e1s,\nla incorporaci\u00f3n de un nuevo software posibilitar\u00e1 que los vecinos obtengan los\nturnos por medio de la web y as\u00ed eviten tener que ir en forma presencial. <\/li><li>Inauguraci\u00f3n\ndel 2\u00ba quir\u00f3fano, con una inversi\u00f3n aproximada de $ 1.000.000.<\/li><li>Tambi\u00e9n\nen el Hospital, inauguraci\u00f3n del Registro Civil Digital para dar mayores\nservicios y comodidad.<\/li><li>Ampliaci\u00f3n\nde los horarios de atenci\u00f3n m\u00e9dica en las postas de salud.<\/li><\/ul>\n\n\n\n<p><em>En\nMateria de Deporte:<\/em><\/p>\n\n\n\n<ul class=\"wp-block-list\"><li>Colocaci\u00f3n del piso sint\u00e9tico a la cancha de futbol del Polideportivo Municipal.<\/li><li>Realizaci\u00f3n del Rally Regional en nuestra ciudad los d\u00edas 30 y 31 de marzo.<\/li><li>En la Guarder\u00eda municipal, colocaci\u00f3n de cuatro aires acondicionados, uno para casa salita.<\/li><li>Presentaci\u00f3n, en el Concejo Deliberante, de un proyecto de ordenanza para que se deje instituido el 14 de junio como el d\u00eda del Emprendedor, en homenaje a los 90 a\u00f1os del nacimiento de Fulvio Salvador Pagani, que se cumplieran el a\u00f1o pasado. <\/li><li>Presentaci\u00f3n, en el Concejo Deliberante, de un proyecto de ordenanza para la modificaci\u00f3n del r\u00e9gimen de pagos de cuotas atrasadas de los planes de viviendas Casa y Casa Social.<\/li><li>Desde el Museo Municipal, realizaci\u00f3n de un libro por los 40 a\u00f1os de la Banda Sinf\u00f3nica y otro correspondiente a los 150 a\u00f1os de las Escuelas Jose Mar\u00eda Paz y Manuel Belgrano.<\/li><li>Entrega de un subsidio de $250.000 a Bomberos Voluntarios<\/li><li>Otorgamiento de un subsidio de $260.000 a cada club de f\u00fatbol, para el financiamiento de sus campa\u00f1as de f\u00fatbol infantil y mayor.<\/li><li>Otorgamiento de un subsidio de $50.000 a los Scout, para que sigan mejorando los sanitarios. <\/li><li><\/li><\/ul>\n\n\n\n<p>Fotos: Benjam\u00edn Farnochi, para Arroyito Online. <\/p>\n","protected":false},"excerpt":{"rendered":"<p>As\u00ed lo afirm\u00f3 el intendente en el discurso que inaugur\u00f3 el Per\u00edodo 2019 de Sesiones Ordinarias del Concejo Deliberante. El&hellip;<\/p>\n","protected":false},"author":3,"featured_media":2597,"comment_status":"closed","ping_status":"open","sticky":false,"template":"","format":"standard","meta":{"footnotes":""},"categories":[829,8],"tags":[66,67,836,891,226,227,253,454,527,868,555,556,572,640,896],"class_list":["post-2568","post","type-post","status-publish","format-standard","has-post-thumbnail","hentry","category-municipales-online","category-politica","tag-arroyito","tag-arroyito-cordoba","tag-arroyito-online","tag-concejales","tag-concejo","tag-concejo-deliberante","tag-cravero","tag-intendente","tag-mauricio-cravero","tag-municipales-online","tag-municipalidad","tag-municipalidad-de-arroyito","tag-noticias-de-arroyito-y-zona","tag-politica","tag-viceintendente"],"_links":{"self":[{"href":"https:\/\/arroyitoonline.com.ar\/index.php?rest_route=\/wp\/v2\/posts\/2568","targetHints":{"allow":["GET"]}}],"collection":[{"href":"https:\/\/arroyitoonline.com.ar\/index.php?rest_route=\/wp\/v2\/posts"}],"about":[{"href":"https:\/\/arroyitoonline.com.ar\/index.php?rest_route=\/wp\/v2\/types\/post"}],"author":[{"embeddable":true,"href":"https:\/\/arroyitoonline.com.ar\/index.php?rest_route=\/wp\/v2\/users\/3"}],"replies":[{"embeddable":true,"href":"https:\/\/arroyitoonline.com.ar\/index.php?rest_route=%2Fwp%2Fv2%2Fcomments&post=2568"}],"version-history":[{"count":4,"href":"https:\/\/arroyitoonline.com.ar\/index.php?rest_route=\/wp\/v2\/posts\/2568\/revisions"}],"predecessor-version":[{"id":2599,"href":"https:\/\/arroyitoonline.com.ar\/index.php?rest_route=\/wp\/v2\/posts\/2568\/revisions\/2599"}],"wp:featuredmedia":[{"embeddable":true,"href":"https:\/\/arroyitoonline.com.ar\/index.php?rest_route=\/wp\/v2\/media\/2597"}],"wp:attachment":[{"href":"https:\/\/arroyitoonline.com.ar\/index.php?rest_route=%2Fwp%2Fv2%2Fmedia&parent=2568"}],"wp:term":[{"taxonomy":"category","embeddable":true,"href":"https:\/\/arroyitoonline.com.ar\/index.php?rest_route=%2Fwp%2Fv2%2Fcategories&post=2568"},{"taxonomy":"post_tag","embeddable":true,"href":"https:\/\/arroyitoonline.com.ar\/index.php?rest_route=%2Fwp%2Fv2%2Ftags&post=2568"}],"curies":[{"name":"wp","href":"https:\/\/api.w.org\/{rel}","templated":true}]}}