{"id":2582,"date":"2019-03-05T12:57:17","date_gmt":"2019-03-05T12:57:17","guid":{"rendered":"http:\/\/arroyitoonline.com.ar\/?p=2582"},"modified":"2019-03-05T18:02:50","modified_gmt":"2019-03-05T18:02:50","slug":"una-foto-de-la-san-martin-desierta-durante-el-feriado-desato-la-polemica","status":"publish","type":"post","link":"https:\/\/arroyitoonline.com.ar\/?p=2582","title":{"rendered":"Una foto de la San Mart\u00edn desierta durante el feriado desat\u00f3 la pol\u00e9mica"},"content":{"rendered":"\n<p><strong>La imagen posteada por el fot\u00f3grafo y comerciante Ra\u00fal Ferreyra gener\u00f3 una serie de comentarios que pretenden desentra\u00f1ar por qu\u00e9 hemos cambiado tanto. <\/strong><\/p>\n\n\n\n<p>Hace unos a\u00f1os, muchos y no tantos,\nla calle San Mart\u00edn de los fines de semanas era un mundo de gente caminando y\nsentada en las vidrieras de los negocios. En las helader\u00edas, los bares y\nrestaurantes no cab\u00eda un alfiler y la cola de autos paseando no se cortaba\ndesde las primeras horas de la tarde hasta las \u00faltimas de la noche. &nbsp;<\/p>\n\n\n\n<p>Ayer, la imagen de la San Mart\u00edn\ndesierta en pleno feriado posteada por el comerciante y fot\u00f3grafo Ra\u00fal Ferreyra\nabri\u00f3 una serie de interrogantes, el principal, \u00bfpor qu\u00e9 hemos cambiado tanto?<\/p>\n\n\n\n<p><strong>El factor redes sociales<\/strong><\/p>\n\n\n\n<p>Claro, en aquellos tiempos\ndorados, los habitantes de Arroyito, como los de todo el mundo, no hab\u00edamos\nincorporado a nuestras vidas el celular, ese aparato inteligente que parece\natontarnos cada d\u00eda m\u00e1s. <\/p>\n\n\n\n<p>El tel\u00e9fono nos atonta y, seg\u00fan\nlo vemos a diario, tambi\u00e9n nos aliena. Incluso cambi\u00f3 nuestros h\u00e1bitos de\nconsumo y los v\u00ednculos que tenemos. <\/p>\n\n\n\n<p>\u00bfEstamos entonces, en condiciones\nde afirmar que los vecinos de esta ciudad cambiamos la vuelta por el centro por\nun stalkeo de las redes sociales? No existe una estad\u00edstica local al respecto,\npero s\u00ed la evidencia de que estemos donde estemos, encontramos m\u00e1s personas\nmirando la pantalla luminosa, que observando lo que sucede a su alrededor o\nprest\u00e1ndole atenci\u00f3n a su interlocutor.<\/p>\n\n\n\n<p>Por consiguiente, anoche cuando\nRa\u00fal comparti\u00f3 la imagen de una desolada San Mart\u00edn \u2013vac\u00eda tambi\u00e9n por la\npostergaci\u00f3n de los Carnavales municipales, a ra\u00edz del mal tiempo-, estaba\nocurriendo lo contrario en el mundo virtual, donde eran todos \u201cpuntos verdes\u201d.\nMuchas conexiones desconectadas de la realidad. <\/p>\n\n\n\n<p><strong>El factor crisis<\/strong><\/p>\n\n\n\n<p>Por otra parte, en el breve texto\ncon el que Ferreyra acompa\u00f1\u00f3 la triste foto, expres\u00f3 que <em>\u201cas\u00ed es dif\u00edcil ponerle toda la energ\u00eda y buena onda para mantener un\ncomercio con todo lo que implica gastos fijos\u201d<\/em>. He aqu\u00ed el segundo an\u00e1lisis\nde la imagen en cuesti\u00f3n. El factor crisis. <\/p>\n\n\n\n<p>Aunque muchos compartan las fotos de las rutas atestadas durante el fin de semana largo, no pueden pasarnos desapercibidas las estad\u00edsticas nacionales de consumo. Ya en el alto verano se hab\u00eda evidenciado una abismal ca\u00edda del ticket promedio en restaurantes y otros comercios de los destinos tur\u00edsticos. Ahora, apareci\u00f3 tambi\u00e9n otro n\u00famero preocupante, la taquilla de los cines cay\u00f3 37,5% en febrero, con respecto al a\u00f1o pasado. <\/p>\n\n\n\n<p>S\u00ed, la gente se escapa, pero de un modo gasolero que, muchas veces, reemplaza a las inexistentes vacaciones. Atr\u00e1s parecen haber quedado esos veraneos donde se gastaba sin medidas. Ahora, unos pesos menos hacen la diferencia. En otros casos, los que se iban al exterior conocieron las Sierras de C\u00f3rdoba o la Costa Atl\u00e1ntica, tales los testimonios relevados por medios de comunicaci\u00f3n nacionales, sobre los nuevos h\u00e1bitos tur\u00edsticos, aparecidos por los aprietos econ\u00f3micos.<\/p>\n\n\n\n<p>Volviendo a la realidad local, Arroyito, que siempre fue definida como una isla a la que las crisis no llegan o llegan atenuadas, parece perder esa condici\u00f3n de oasis. En los \u00faltimos a\u00f1os, y m\u00e1s a\u00fan es estos meses, cerraron comercios de barrio y los tradicionales negocios agotan su creatividad para salir indemnes de ese panorama. <\/p>\n\n\n\n<p>Ac\u00e1 tambi\u00e9n se modificaron los comportamientos de los consumidores. La b\u00fasqueda permanente de ofertas y promociones y el uso indiscriminado de los pl\u00e1sticos, habla de compradores que ahora s\u00ed, afinan el l\u00e1piz, miran lo que gastan y en qu\u00e9.  <\/p>\n\n\n\n<p>\u00bfCambiamos mucho o nos empujaron a la transformaci\u00f3n? <\/p>\n\n\n\n<p>Foto: Ra\u00fal Ferreyra. <\/p>\n","protected":false},"excerpt":{"rendered":"<p>La imagen posteada por el fot\u00f3grafo y comerciante Ra\u00fal Ferreyra gener\u00f3 una serie de comentarios que pretenden desentra\u00f1ar por qu\u00e9&hellip;<\/p>\n","protected":false},"author":3,"featured_media":2583,"comment_status":"closed","ping_status":"open","sticky":false,"template":"","format":"standard","meta":{"footnotes":""},"categories":[897,6],"tags":[66,67,836,217,855,899,712,776,777,788],"class_list":["post-2582","post","type-post","status-publish","format-standard","has-post-thumbnail","hentry","category-editorial","category-interes-general","tag-arroyito","tag-arroyito-cordoba","tag-arroyito-online","tag-comercio","tag-crisis","tag-habitos-de-consumo","tag-san-martin","tag-turismo","tag-turista","tag-vacaciones"],"_links":{"self":[{"href":"https:\/\/arroyitoonline.com.ar\/index.php?rest_route=\/wp\/v2\/posts\/2582","targetHints":{"allow":["GET"]}}],"collection":[{"href":"https:\/\/arroyitoonline.com.ar\/index.php?rest_route=\/wp\/v2\/posts"}],"about":[{"href":"https:\/\/arroyitoonline.com.ar\/index.php?rest_route=\/wp\/v2\/types\/post"}],"author":[{"embeddable":true,"href":"https:\/\/arroyitoonline.com.ar\/index.php?rest_route=\/wp\/v2\/users\/3"}],"replies":[{"embeddable":true,"href":"https:\/\/arroyitoonline.com.ar\/index.php?rest_route=%2Fwp%2Fv2%2Fcomments&post=2582"}],"version-history":[{"count":5,"href":"https:\/\/arroyitoonline.com.ar\/index.php?rest_route=\/wp\/v2\/posts\/2582\/revisions"}],"predecessor-version":[{"id":2610,"href":"https:\/\/arroyitoonline.com.ar\/index.php?rest_route=\/wp\/v2\/posts\/2582\/revisions\/2610"}],"wp:featuredmedia":[{"embeddable":true,"href":"https:\/\/arroyitoonline.com.ar\/index.php?rest_route=\/wp\/v2\/media\/2583"}],"wp:attachment":[{"href":"https:\/\/arroyitoonline.com.ar\/index.php?rest_route=%2Fwp%2Fv2%2Fmedia&parent=2582"}],"wp:term":[{"taxonomy":"category","embeddable":true,"href":"https:\/\/arroyitoonline.com.ar\/index.php?rest_route=%2Fwp%2Fv2%2Fcategories&post=2582"},{"taxonomy":"post_tag","embeddable":true,"href":"https:\/\/arroyitoonline.com.ar\/index.php?rest_route=%2Fwp%2Fv2%2Ftags&post=2582"}],"curies":[{"name":"wp","href":"https:\/\/api.w.org\/{rel}","templated":true}]}}