{"id":2600,"date":"2019-03-05T15:01:11","date_gmt":"2019-03-05T15:01:11","guid":{"rendered":"http:\/\/arroyitoonline.com.ar\/?p=2600"},"modified":"2019-03-05T15:18:37","modified_gmt":"2019-03-05T15:18:37","slug":"acerfor-pagara-la-totalidad-de-las-indemnizaciones","status":"publish","type":"post","link":"https:\/\/arroyitoonline.com.ar\/?p=2600","title":{"rendered":"Acerfor pagar\u00e1 la totalidad de las indemnizaciones"},"content":{"rendered":"\n<p><strong>El Sindicato de Trabajadores de Industrias de la Alimentaci\u00f3n Arroyito\ninform\u00f3 que la fasonera cumplir\u00e1 con esta obligaci\u00f3n. <\/strong><\/p>\n\n\n\n<p>Esta ma\u00f1ana, el Sindicato de Trabajadores de Industrias de la Alimentaci\u00f3n (STIA) Arroyito inform\u00f3, a trav\u00e9s de su secretario General Hern\u00e1n Boero, que la empresa fasonera Acerfor abonar\u00e1 la totalidad de las indemnizaciones a sus 19 trabajadores despedidos. <\/p>\n\n\n\n<p>Recordemos que la notificaci\u00f3n llega luego de que la semana pasada, desde la firma, <a href=\"http:\/\/arroyitoonline.com.ar\/info-online\/acerfor-no-se-presento-en-el-ministerio-y-aviso-que-pagara-la-mitad-de-las-indemnizaciones\/\">avisaran que solo pagar\u00edan el 50% de sus obligaciones<\/a>. Esta decisi\u00f3n hab\u00eda sido rechazada por los empleados.<\/p>\n\n\n\n<p>Al respecto, el gremialista manifest\u00f3\nque <em>\u201cmuy probablemente el viernes est\u00e9n\nfirmando los papeles cada uno de los trabajadores y el pago se har\u00e1 efectivo en\n20 d\u00edas<\/em>\u201d. <\/p>\n\n\n\n<p>Recordemos que Acerfor, que\nfabricaba packaging y embalajes de productos especiales para Arcor, vio\nrescindido su contrato con la multinacional el pasado 28 de febrero, qued\u00e1ndose\nsin su \u00fanico cliente y dejando en la calle a sus operarios de la planta ubicada\nen la calle Obispo Trejo. <\/p>\n\n\n\n<p>Tras conocerse la noticia, tanto el gremio como los empleados, <a href=\"http:\/\/arroyitoonline.com.ar\/info-online\/interes-general\/los-19-trabajadores-tomaron-acerfor\/\">realizaron manifestaciones y tomaron la f\u00e1brica<\/a>, logrando finalmente que se les pague la totalidad de las indemnizaciones. <\/p>\n\n\n\n<p>Foto de archivo Arroyito Online. <\/p>\n","protected":false},"excerpt":{"rendered":"<p>El Sindicato de Trabajadores de Industrias de la Alimentaci\u00f3n Arroyito inform\u00f3 que la fasonera cumplir\u00e1 con esta obligaci\u00f3n. Esta ma\u00f1ana,&hellip;<\/p>\n","protected":false},"author":3,"featured_media":2601,"comment_status":"closed","ping_status":"open","sticky":false,"template":"","format":"standard","meta":{"footnotes":""},"categories":[835],"tags":[59,66,67,836,855,883,284,407,658,735,736,741],"class_list":["post-2600","post","type-post","status-publish","format-standard","has-post-thumbnail","hentry","category-info-online","tag-arcor","tag-arroyito","tag-arroyito-cordoba","tag-arroyito-online","tag-crisis","tag-desocupados","tag-despidos","tag-gremios","tag-protesta","tag-sindicato","tag-sindicatos","tag-stia"],"_links":{"self":[{"href":"https:\/\/arroyitoonline.com.ar\/index.php?rest_route=\/wp\/v2\/posts\/2600","targetHints":{"allow":["GET"]}}],"collection":[{"href":"https:\/\/arroyitoonline.com.ar\/index.php?rest_route=\/wp\/v2\/posts"}],"about":[{"href":"https:\/\/arroyitoonline.com.ar\/index.php?rest_route=\/wp\/v2\/types\/post"}],"author":[{"embeddable":true,"href":"https:\/\/arroyitoonline.com.ar\/index.php?rest_route=\/wp\/v2\/users\/3"}],"replies":[{"embeddable":true,"href":"https:\/\/arroyitoonline.com.ar\/index.php?rest_route=%2Fwp%2Fv2%2Fcomments&post=2600"}],"version-history":[{"count":3,"href":"https:\/\/arroyitoonline.com.ar\/index.php?rest_route=\/wp\/v2\/posts\/2600\/revisions"}],"predecessor-version":[{"id":2605,"href":"https:\/\/arroyitoonline.com.ar\/index.php?rest_route=\/wp\/v2\/posts\/2600\/revisions\/2605"}],"wp:featuredmedia":[{"embeddable":true,"href":"https:\/\/arroyitoonline.com.ar\/index.php?rest_route=\/wp\/v2\/media\/2601"}],"wp:attachment":[{"href":"https:\/\/arroyitoonline.com.ar\/index.php?rest_route=%2Fwp%2Fv2%2Fmedia&parent=2600"}],"wp:term":[{"taxonomy":"category","embeddable":true,"href":"https:\/\/arroyitoonline.com.ar\/index.php?rest_route=%2Fwp%2Fv2%2Fcategories&post=2600"},{"taxonomy":"post_tag","embeddable":true,"href":"https:\/\/arroyitoonline.com.ar\/index.php?rest_route=%2Fwp%2Fv2%2Ftags&post=2600"}],"curies":[{"name":"wp","href":"https:\/\/api.w.org\/{rel}","templated":true}]}}