{"id":2611,"date":"2019-03-05T19:36:30","date_gmt":"2019-03-05T19:36:30","guid":{"rendered":"http:\/\/arroyitoonline.com.ar\/?p=2611"},"modified":"2019-03-05T19:36:39","modified_gmt":"2019-03-05T19:36:39","slug":"genesio-sobre-el-ano-electoral-no-nos-saqueen-la-municipalidad","status":"publish","type":"post","link":"https:\/\/arroyitoonline.com.ar\/?p=2611","title":{"rendered":"Genesio sobre el a\u00f1o electoral: \u201cno nos saqueen la Municipalidad\u201d"},"content":{"rendered":"\n<p><strong>El concejal opositor escuch\u00f3 el discurso del intendente en la inauguraci\u00f3n de Sesiones Ordinarias y denunci\u00f3 que <em>\u201ctodos sabemos que, en los procesos electorales en general, utilizan los fondos municipales para las campa\u00f1as\u201d<\/em>. <\/strong><\/p>\n\n\n\n<p>El viernes 1\u00ba de marzo, luego de que el intendente Mauricio Cravero dejara inaugurado el Per\u00edodo de Sesiones Ordinarias 2019 del Concejo Deliberante con la pronunciaci\u00f3n de <a href=\"http:\/\/arroyitoonline.com.ar\/info-online\/politica\/cravero-la-municipalidad-tiene-el-nivel-de-endeudamiento-mas-bajo-de-la-historia\/\">su \u00faltimo discurso anual<\/a>, los ediles opositores salieron al cruce de sus afirmaciones. <\/p>\n\n\n\n<p>Tal es el caso de uno de sus principales detractores, el presidente del Bloque Vecinalismo Independiente Wilson Genesio. El concejal opositor dijo a <strong>Arroyito Online<\/strong> que, a diferencia de sesiones anteriores donde se fue <em>\u201cenojado, en esta me voy triste&#8221;<\/em>, luego de escuchar al primer mandatario local. <\/p>\n\n\n\n<p>Adem\u00e1s, el edil m\u00e1s joven argument\u00f3\nque <em>\u201cEste es un a\u00f1o electoral, en el cual\nse acordaron del Hospital, van a hacer el quir\u00f3fano ahora, ahora van a dar el\nturnero, cuando hubo gente que estuvo aguantando durante siete a\u00f1os\nlevant\u00e1ndose a las cuatro o cinco de la ma\u00f1ana. Son reclamos que hemos\npresentado, pero desde el Concejo Deliberante si no sos la Mayor\u00eda no te los\naprueban. Se acordaron reci\u00e9n ahora de la Salud, se acuerdan reci\u00e9n ahora de\nlos j\u00f3venes. Ahora le van a dar lugar al tema de la cultura, del deporte, ahora\nse van a acordar de los abuelos, del tema de los chicos que tienen problemas con\nlas adicciones, cuando lo venimos reclamando hace cu\u00e1nto. Ahora se acuerdan de\nEl Fuertecito, de La Curva. Ahora se acuerdan de todo. Hemos presentado\nproyectos para que estas cosas que hoy se est\u00e1n anunciando se hubiesen hecho en\nlos siete a\u00f1os anteriores\u201d<\/em>. <\/p>\n\n\n\n<p>Genesio tambi\u00e9n pidi\u00f3 a quienes\ngobiernan <em>\u201cuna sola cosa, porque este es\nun a\u00f1o electoral. No nos saqueen la Municipalidad, porque la plata que recibe\nla Municipalidad es la que ponen todos los arroyitenses, a trav\u00e9s de sus\nimpuestos. Y todos sabemos que, lamentablemente, en los procesos electorales en\ngeneral, utilizan los fondos municipales para las campa\u00f1as\u201d<\/em>.<\/p>\n\n\n\n<p>Sobre el final, el referente del Vecinalismo solicit\u00f3 que <em>\u201ctraten bien a los empleados. No hay necesidad de maltratarlos para que asistan a un lanzamiento de campa\u00f1a, para hacer n\u00fameros\u201d<\/em> y se quej\u00f3 de que <em>\u201cNo podemos estar inaugurando obras en el proceso de campa\u00f1a. Entonces todo esto que ahora anunci\u00f3, cu\u00e1ndo lo va a hacer. En la primera mitad del a\u00f1o, o va a prometer que si gana las elecciones las va a continuar haciendo con Lafarina. Basta, no le hagas esto al pueblo\u201d<\/em>. <\/p>\n\n\n\n<p>Foto: Benjam\u00edn Farnochi para Arroyito Online. <\/p>\n","protected":false},"excerpt":{"rendered":"<p>El concejal opositor escuch\u00f3 el discurso del intendente en la inauguraci\u00f3n de Sesiones Ordinarias y denunci\u00f3 que \u201ctodos sabemos que,&hellip;<\/p>\n","protected":false},"author":3,"featured_media":2612,"comment_status":"closed","ping_status":"open","sticky":false,"template":"","format":"standard","meta":{"footnotes":""},"categories":[8],"tags":[66,67,836,891,226,227,253,401,527,640,791],"class_list":["post-2611","post","type-post","status-publish","format-standard","has-post-thumbnail","hentry","category-politica","tag-arroyito","tag-arroyito-cordoba","tag-arroyito-online","tag-concejales","tag-concejo","tag-concejo-deliberante","tag-cravero","tag-genesio","tag-mauricio-cravero","tag-politica","tag-vecinalismo"],"_links":{"self":[{"href":"https:\/\/arroyitoonline.com.ar\/index.php?rest_route=\/wp\/v2\/posts\/2611","targetHints":{"allow":["GET"]}}],"collection":[{"href":"https:\/\/arroyitoonline.com.ar\/index.php?rest_route=\/wp\/v2\/posts"}],"about":[{"href":"https:\/\/arroyitoonline.com.ar\/index.php?rest_route=\/wp\/v2\/types\/post"}],"author":[{"embeddable":true,"href":"https:\/\/arroyitoonline.com.ar\/index.php?rest_route=\/wp\/v2\/users\/3"}],"replies":[{"embeddable":true,"href":"https:\/\/arroyitoonline.com.ar\/index.php?rest_route=%2Fwp%2Fv2%2Fcomments&post=2611"}],"version-history":[{"count":1,"href":"https:\/\/arroyitoonline.com.ar\/index.php?rest_route=\/wp\/v2\/posts\/2611\/revisions"}],"predecessor-version":[{"id":2613,"href":"https:\/\/arroyitoonline.com.ar\/index.php?rest_route=\/wp\/v2\/posts\/2611\/revisions\/2613"}],"wp:featuredmedia":[{"embeddable":true,"href":"https:\/\/arroyitoonline.com.ar\/index.php?rest_route=\/wp\/v2\/media\/2612"}],"wp:attachment":[{"href":"https:\/\/arroyitoonline.com.ar\/index.php?rest_route=%2Fwp%2Fv2%2Fmedia&parent=2611"}],"wp:term":[{"taxonomy":"category","embeddable":true,"href":"https:\/\/arroyitoonline.com.ar\/index.php?rest_route=%2Fwp%2Fv2%2Fcategories&post=2611"},{"taxonomy":"post_tag","embeddable":true,"href":"https:\/\/arroyitoonline.com.ar\/index.php?rest_route=%2Fwp%2Fv2%2Ftags&post=2611"}],"curies":[{"name":"wp","href":"https:\/\/api.w.org\/{rel}","templated":true}]}}