{"id":2614,"date":"2019-03-05T20:15:05","date_gmt":"2019-03-05T20:15:05","guid":{"rendered":"http:\/\/arroyitoonline.com.ar\/?p=2614"},"modified":"2019-03-05T20:15:06","modified_gmt":"2019-03-05T20:15:06","slug":"confirmado-esta-noche-hay-dulces-carnavales","status":"publish","type":"post","link":"https:\/\/arroyitoonline.com.ar\/?p=2614","title":{"rendered":"Confirmado: esta noche hay dulces carnavales"},"content":{"rendered":"\n<p><strong>Hace minutos, el Municipio confirm\u00f3 la realizaci\u00f3n de los corsos, luego de su postergaci\u00f3n por mal tiempo. <\/strong><\/p>\n\n\n\n<p>Ayer, luego de una intensa lluvia, el Municipio hab\u00eda decidido la postergaci\u00f3n del cierre de los dulces carnavales. Esta ma\u00f1ana, el mal tiempo tambi\u00e9n amenaz\u00f3 con aguar la fiesta, pero las primeras horas de la tarde presentaron un panorama alentador. Fue entonces cuando el Municipio confirm\u00f3 que, esta noche, hay fiesta en la Plaza 25 de Mayo y a lo largo de la calle Rivadavia, entre V\u00e9lez y General Paz. <\/p>\n\n\n\n<p>A las 21:00 horas har\u00e1 su presentaci\u00f3n la banda local del momento, Cuento Viejo. A las 21:30 horas, seg\u00fan el cronograma ofrecido por la organizaci\u00f3n, pasar\u00e1n las comparsas de Piquill\u00edn y las de Arroyito, Oh Bah\u00eda, Zab-Al\u00ed y, la anfitriona, Gardelia. Mientras que el espectacular cierre ser\u00e1 de la mano de Chebere junto al Turco Julio. <\/p>\n\n\n\n<p>La entrada general, que es amigable con los flacos bolsillos post finde largo, cuesta solo $50. Adem\u00e1s, habr\u00e1 servicio de buffet. Es importante que, quienes no logren un lugar en las gradas, lleven su reposeras. <\/p>\n\n\n\n<p>Foto de archivo: Prensa Municipal. <\/p>\n","protected":false},"excerpt":{"rendered":"<p>Hace minutos, el Municipio confirm\u00f3 la realizaci\u00f3n de los corsos, luego de su postergaci\u00f3n por mal tiempo. Ayer, luego de&hellip;<\/p>\n","protected":false},"author":3,"featured_media":2615,"comment_status":"closed","ping_status":"open","sticky":false,"template":"","format":"standard","meta":{"footnotes":""},"categories":[2],"tags":[66,67,836,155,253,831,351,862,395,454,527,555,556],"class_list":["post-2614","post","type-post","status-publish","format-standard","has-post-thumbnail","hentry","category-cultura-y-espectaculos","tag-arroyito","tag-arroyito-cordoba","tag-arroyito-online","tag-carnaval","tag-cravero","tag-cuento-viejo","tag-espectaculos","tag-espectaculos-online","tag-gardelia","tag-intendente","tag-mauricio-cravero","tag-municipalidad","tag-municipalidad-de-arroyito"],"_links":{"self":[{"href":"https:\/\/arroyitoonline.com.ar\/index.php?rest_route=\/wp\/v2\/posts\/2614","targetHints":{"allow":["GET"]}}],"collection":[{"href":"https:\/\/arroyitoonline.com.ar\/index.php?rest_route=\/wp\/v2\/posts"}],"about":[{"href":"https:\/\/arroyitoonline.com.ar\/index.php?rest_route=\/wp\/v2\/types\/post"}],"author":[{"embeddable":true,"href":"https:\/\/arroyitoonline.com.ar\/index.php?rest_route=\/wp\/v2\/users\/3"}],"replies":[{"embeddable":true,"href":"https:\/\/arroyitoonline.com.ar\/index.php?rest_route=%2Fwp%2Fv2%2Fcomments&post=2614"}],"version-history":[{"count":1,"href":"https:\/\/arroyitoonline.com.ar\/index.php?rest_route=\/wp\/v2\/posts\/2614\/revisions"}],"predecessor-version":[{"id":2616,"href":"https:\/\/arroyitoonline.com.ar\/index.php?rest_route=\/wp\/v2\/posts\/2614\/revisions\/2616"}],"wp:featuredmedia":[{"embeddable":true,"href":"https:\/\/arroyitoonline.com.ar\/index.php?rest_route=\/wp\/v2\/media\/2615"}],"wp:attachment":[{"href":"https:\/\/arroyitoonline.com.ar\/index.php?rest_route=%2Fwp%2Fv2%2Fmedia&parent=2614"}],"wp:term":[{"taxonomy":"category","embeddable":true,"href":"https:\/\/arroyitoonline.com.ar\/index.php?rest_route=%2Fwp%2Fv2%2Fcategories&post=2614"},{"taxonomy":"post_tag","embeddable":true,"href":"https:\/\/arroyitoonline.com.ar\/index.php?rest_route=%2Fwp%2Fv2%2Ftags&post=2614"}],"curies":[{"name":"wp","href":"https:\/\/api.w.org\/{rel}","templated":true}]}}