{"id":2633,"date":"2019-03-06T19:17:16","date_gmt":"2019-03-06T19:17:16","guid":{"rendered":"http:\/\/arroyitoonline.com.ar\/?p=2633"},"modified":"2019-03-06T19:17:17","modified_gmt":"2019-03-06T19:17:17","slug":"tiene-16-anos-quiso-robar-un-celular-y-la-policia-lo-entrego-a-sus-padres","status":"publish","type":"post","link":"https:\/\/arroyitoonline.com.ar\/?p=2633","title":{"rendered":"Tiene 16 a\u00f1os, quiso robar un celular y la Polic\u00eda lo entreg\u00f3 a sus padres"},"content":{"rendered":"\n<p><strong>Sucedi\u00f3 luego del cierre del\nlocal bailable de la costanera, cuando la Polic\u00eda advirti\u00f3 que varios j\u00f3venes\npersegu\u00edan a otro, quien habr\u00eda querido sustraerles un tel\u00e9fono. <\/strong><\/p>\n\n\n\n<p>Ayer a las 8:30 horas, personal policial se encontraba\nrealizando el operativo de seguridad al cierre del boliche ubicado en la\ncostanera del r\u00edo Xanaes. En ese momento, la fuerza p\u00fablica observ\u00f3 a varios\nj\u00f3venes siguiendo a otro e intentando golpearlo. Mientras tanto, uno de ellos \u2013oriundo\nde la localidad de La Francia- alert\u00f3 al polic\u00eda de que el chico perseguido quiso\nsustraerle el celular. <\/p>\n\n\n\n<p>Acto seguido el uniformado sigui\u00f3 al presunto ladr\u00f3n y lo encontr\u00f3 escondido entre las malezas, por lo que lo traslad\u00f3 a la Comisar\u00eda local, donde fue identificado. Tiene 16 a\u00f1os y es de Sacanta. Se consult\u00f3 directivas al magistrado de turno quien dispuso el labrado de actuaciones de rigor y la restituci\u00f3n del menor a sus padres. <\/p>\n\n\n\n<p>Fuente: informe del comisario Clever Salguero. <\/p>\n","protected":false},"excerpt":{"rendered":"<p>Sucedi\u00f3 luego del cierre del local bailable de la costanera, cuando la Polic\u00eda advirti\u00f3 que varios j\u00f3venes persegu\u00edan a otro,&hellip;<\/p>\n","protected":false},"author":3,"featured_media":2634,"comment_status":"closed","ping_status":"open","sticky":false,"template":"","format":"standard","meta":{"footnotes":""},"categories":[824],"tags":[66,67,836,164,270,530,572,637,638,825,693,694],"class_list":["post-2633","post","type-post","status-publish","format-standard","has-post-thumbnail","hentry","category-policiales-online","tag-arroyito","tag-arroyito-cordoba","tag-arroyito-online","tag-celulares","tag-delito","tag-menores","tag-noticias-de-arroyito-y-zona","tag-policiales","tag-policiales-arroyito","tag-policiales-online","tag-robo","tag-robos"],"_links":{"self":[{"href":"https:\/\/arroyitoonline.com.ar\/index.php?rest_route=\/wp\/v2\/posts\/2633","targetHints":{"allow":["GET"]}}],"collection":[{"href":"https:\/\/arroyitoonline.com.ar\/index.php?rest_route=\/wp\/v2\/posts"}],"about":[{"href":"https:\/\/arroyitoonline.com.ar\/index.php?rest_route=\/wp\/v2\/types\/post"}],"author":[{"embeddable":true,"href":"https:\/\/arroyitoonline.com.ar\/index.php?rest_route=\/wp\/v2\/users\/3"}],"replies":[{"embeddable":true,"href":"https:\/\/arroyitoonline.com.ar\/index.php?rest_route=%2Fwp%2Fv2%2Fcomments&post=2633"}],"version-history":[{"count":1,"href":"https:\/\/arroyitoonline.com.ar\/index.php?rest_route=\/wp\/v2\/posts\/2633\/revisions"}],"predecessor-version":[{"id":2635,"href":"https:\/\/arroyitoonline.com.ar\/index.php?rest_route=\/wp\/v2\/posts\/2633\/revisions\/2635"}],"wp:featuredmedia":[{"embeddable":true,"href":"https:\/\/arroyitoonline.com.ar\/index.php?rest_route=\/wp\/v2\/media\/2634"}],"wp:attachment":[{"href":"https:\/\/arroyitoonline.com.ar\/index.php?rest_route=%2Fwp%2Fv2%2Fmedia&parent=2633"}],"wp:term":[{"taxonomy":"category","embeddable":true,"href":"https:\/\/arroyitoonline.com.ar\/index.php?rest_route=%2Fwp%2Fv2%2Fcategories&post=2633"},{"taxonomy":"post_tag","embeddable":true,"href":"https:\/\/arroyitoonline.com.ar\/index.php?rest_route=%2Fwp%2Fv2%2Ftags&post=2633"}],"curies":[{"name":"wp","href":"https:\/\/api.w.org\/{rel}","templated":true}]}}