{"id":2647,"date":"2019-03-07T13:56:06","date_gmt":"2019-03-07T13:56:06","guid":{"rendered":"http:\/\/arroyitoonline.com.ar\/?p=2647"},"modified":"2019-03-07T13:56:07","modified_gmt":"2019-03-07T13:56:07","slug":"juventud-activa-impulsa-la-campana-si-ensucias-no-te-votamos","status":"publish","type":"post","link":"https:\/\/arroyitoonline.com.ar\/?p=2647","title":{"rendered":"Juventud Activa impulsa la campa\u00f1a \u201cSi ensuci\u00e1s no te votamos\u201d"},"content":{"rendered":"\n<p><strong>Los j\u00f3venes benedettistas les piden a los candidatos que no peguen carteles ni pinten paredes,\u00a0entre\u00a0otras\u00a0solicitudes.<\/strong><\/p>\n\n\n\n<p>Desde hace unos d\u00edas, el grupo Juventud Activa, que responde al precandidato radical Gustavo Benedetti, lanz\u00f3 en sus redes sociales la propuesta <em>\u201csi ensuci\u00e1s no te votamos\u201d<\/em>. <\/p>\n\n\n\n<p><em>\u201cLos j\u00f3venes de Arroyito pedimos que los partidos pol\u00edticos no nos ensucien la ciudad, que realicen una campa\u00f1a moderna, sin perjudicar al pr\u00f3jimo. Por eso lanzamos \u00abSi ensucias, no te votamos\u00bb\u201d<\/em>, se\u00f1alaron desde este grupo integrado por, entre otros, Gino Vaudagna. <\/p>\n\n\n\n<div class=\"wp-block-image\"><figure class=\"aligncenter\"><img loading=\"lazy\" decoding=\"async\" width=\"480\" height=\"480\" src=\"http:\/\/arroyitoonline.com.ar\/wp-content\/uploads\/2019\/03\/campa\u00f1a-limpieza-visual.png\" alt=\"\" class=\"wp-image-2648\" srcset=\"https:\/\/arroyitoonline.com.ar\/wp-content\/uploads\/2019\/03\/campa\u00f1a-limpieza-visual.png 480w, https:\/\/arroyitoonline.com.ar\/wp-content\/uploads\/2019\/03\/campa\u00f1a-limpieza-visual-150x150.png 150w, https:\/\/arroyitoonline.com.ar\/wp-content\/uploads\/2019\/03\/campa\u00f1a-limpieza-visual-300x300.png 300w\" sizes=\"auto, (max-width: 480px) 100vw, 480px\" \/><figcaption><em>El afiche con el que Juventud Activa promociona su campa\u00f1a.<\/em><\/figcaption><\/figure><\/div>\n\n\n\n<p><em>\u201cEste tipo de campa\u00f1a ya se ha comenzado a realizar en varias ciudades del pa\u00eds. No queremos que pinten tapias, ni peguen o cuelguen carteles que arruinen la visual de nuestros espacios\u201d<\/em>, cerraron en el comunicado que emitieron. <\/p>\n","protected":false},"excerpt":{"rendered":"<p>Los j\u00f3venes benedettistas les piden a los candidatos que no peguen carteles ni pinten paredes,\u00a0entre\u00a0otras\u00a0solicitudes. Desde hace unos d\u00edas, el&hellip;<\/p>\n","protected":false},"author":3,"featured_media":2649,"comment_status":"closed","ping_status":"open","sticky":false,"template":"","format":"standard","meta":{"footnotes":""},"categories":[8],"tags":[66,67,836,869,318,572,640,779],"class_list":["post-2647","post","type-post","status-publish","format-standard","has-post-thumbnail","hentry","category-politica","tag-arroyito","tag-arroyito-cordoba","tag-arroyito-online","tag-campana-electoral","tag-elecciones","tag-noticias-de-arroyito-y-zona","tag-politica","tag-ucr"],"_links":{"self":[{"href":"https:\/\/arroyitoonline.com.ar\/index.php?rest_route=\/wp\/v2\/posts\/2647","targetHints":{"allow":["GET"]}}],"collection":[{"href":"https:\/\/arroyitoonline.com.ar\/index.php?rest_route=\/wp\/v2\/posts"}],"about":[{"href":"https:\/\/arroyitoonline.com.ar\/index.php?rest_route=\/wp\/v2\/types\/post"}],"author":[{"embeddable":true,"href":"https:\/\/arroyitoonline.com.ar\/index.php?rest_route=\/wp\/v2\/users\/3"}],"replies":[{"embeddable":true,"href":"https:\/\/arroyitoonline.com.ar\/index.php?rest_route=%2Fwp%2Fv2%2Fcomments&post=2647"}],"version-history":[{"count":1,"href":"https:\/\/arroyitoonline.com.ar\/index.php?rest_route=\/wp\/v2\/posts\/2647\/revisions"}],"predecessor-version":[{"id":2650,"href":"https:\/\/arroyitoonline.com.ar\/index.php?rest_route=\/wp\/v2\/posts\/2647\/revisions\/2650"}],"wp:featuredmedia":[{"embeddable":true,"href":"https:\/\/arroyitoonline.com.ar\/index.php?rest_route=\/wp\/v2\/media\/2649"}],"wp:attachment":[{"href":"https:\/\/arroyitoonline.com.ar\/index.php?rest_route=%2Fwp%2Fv2%2Fmedia&parent=2647"}],"wp:term":[{"taxonomy":"category","embeddable":true,"href":"https:\/\/arroyitoonline.com.ar\/index.php?rest_route=%2Fwp%2Fv2%2Fcategories&post=2647"},{"taxonomy":"post_tag","embeddable":true,"href":"https:\/\/arroyitoonline.com.ar\/index.php?rest_route=%2Fwp%2Fv2%2Ftags&post=2647"}],"curies":[{"name":"wp","href":"https:\/\/api.w.org\/{rel}","templated":true}]}}