{"id":2657,"date":"2019-03-07T18:39:16","date_gmt":"2019-03-07T18:39:16","guid":{"rendered":"http:\/\/arroyitoonline.com.ar\/?p=2657"},"modified":"2019-03-08T13:18:29","modified_gmt":"2019-03-08T13:18:29","slug":"tristeza-en-arroyito-fallecio-el-joven-valentin-chioccarello","status":"publish","type":"post","link":"https:\/\/arroyitoonline.com.ar\/?p=2657","title":{"rendered":"Tristeza en Arroyito: falleci\u00f3 el joven Valent\u00edn Chioccarello"},"content":{"rendered":"\n<p><strong>Ten\u00eda 19 a\u00f1os y hab\u00eda protagonizado un siniestro vial en la ruta 19, el\n21 de febrero pasado. <\/strong><\/p>\n\n\n\n<p>Esta ma\u00f1ana se conoci\u00f3 la lamentable noticia del fallecimiento de Valent\u00edn Chioccarello (19). El joven de Arroyito se encontraba internado en un sanatorio de la ciudad de C\u00f3rdoba, <a href=\"http:\/\/arroyitoonline.com.ar\/info-online\/policiales-online\/un-motociclista-esta-grave-tras-chocar-y-luego-ser-atropellado\/\">tras haber protagonizado un siniestro vial<\/a>, el pasado jueves 21 de febrero. <\/p>\n\n\n\n<p>Recordemos que ese d\u00eda, Valent\u00edn,\nque andaba en una Honda X Extreme negra, choc\u00f3 desde atr\u00e1s a un Chevrolet\nPrisma gris. Por el impacto, la moto del joven perdi\u00f3 el control cayendo a la carpeta\nasf\u00e1ltica siendo atropellado por un Gol Country azul. <\/p>\n\n\n\n<p>En aquel momento, el m\u00e9dico le hab\u00eda diagnosticado lesiones de\ncar\u00e1cter reservado. Aunque usaba casco, Chioccarello sufri\u00f3 traumatismos en el\ncr\u00e1neo y la cervical, tambi\u00e9n padeci\u00f3 rotura de f\u00e9mur y una herida en la\ntr\u00e1quea. De inmediato fue trasladado a C\u00f3rdoba, donde permaneci\u00f3 hasta su\ndeceso.<\/p>\n\n\n\n<p>Desde que se conoci\u00f3 la informaci\u00f3n, las muestras de afecto y las condolencias en las redes sociales no cesaron. El nieto de la ciudadana Ilustre <em>\u201cNen\u00e9\u201d<\/em> D\u00edaz de Chioccarello era muy querido por sus pares, que lo recordaron con afecto. <\/p>\n\n\n\n<p>Los restos mortales del joven son velados en salas de Av. Mariano Moreno esquina Rafael Bianchi. El sepelio ser\u00e1 este viernes 8 a las 10:30 horas en el Cementerio local, previo oficio religioso de cuerpo presente en las mismas salas. <\/p>\n\n\n\n<p>Desde Arroyito Online sentimos la muerte de otro joven, que enluta a la sociedad toda, y le enviamos nuestro m\u00e1s sentido p\u00e9same a su entorno, en este momento de terrible dolor. Que en paz descanses, Valent\u00edn.<\/p>\n\n\n\n<p><\/p>\n","protected":false},"excerpt":{"rendered":"<p>Ten\u00eda 19 a\u00f1os y hab\u00eda protagonizado un siniestro vial en la ruta 19, el 21 de febrero pasado. Esta ma\u00f1ana&hellip;<\/p>\n","protected":false},"author":3,"featured_media":2658,"comment_status":"closed","ping_status":"open","sticky":false,"template":"","format":"standard","meta":{"footnotes":""},"categories":[900],"tags":[66,67,836,191,572,635,637,638,825,737],"class_list":["post-2657","post","type-post","status-publish","format-standard","has-post-thumbnail","hentry","category-noticias","tag-arroyito","tag-arroyito-cordoba","tag-arroyito-online","tag-choque","tag-noticias-de-arroyito-y-zona","tag-policia","tag-policiales","tag-policiales-arroyito","tag-policiales-online","tag-siniestro-vial"],"_links":{"self":[{"href":"https:\/\/arroyitoonline.com.ar\/index.php?rest_route=\/wp\/v2\/posts\/2657","targetHints":{"allow":["GET"]}}],"collection":[{"href":"https:\/\/arroyitoonline.com.ar\/index.php?rest_route=\/wp\/v2\/posts"}],"about":[{"href":"https:\/\/arroyitoonline.com.ar\/index.php?rest_route=\/wp\/v2\/types\/post"}],"author":[{"embeddable":true,"href":"https:\/\/arroyitoonline.com.ar\/index.php?rest_route=\/wp\/v2\/users\/3"}],"replies":[{"embeddable":true,"href":"https:\/\/arroyitoonline.com.ar\/index.php?rest_route=%2Fwp%2Fv2%2Fcomments&post=2657"}],"version-history":[{"count":2,"href":"https:\/\/arroyitoonline.com.ar\/index.php?rest_route=\/wp\/v2\/posts\/2657\/revisions"}],"predecessor-version":[{"id":2674,"href":"https:\/\/arroyitoonline.com.ar\/index.php?rest_route=\/wp\/v2\/posts\/2657\/revisions\/2674"}],"wp:featuredmedia":[{"embeddable":true,"href":"https:\/\/arroyitoonline.com.ar\/index.php?rest_route=\/wp\/v2\/media\/2658"}],"wp:attachment":[{"href":"https:\/\/arroyitoonline.com.ar\/index.php?rest_route=%2Fwp%2Fv2%2Fmedia&parent=2657"}],"wp:term":[{"taxonomy":"category","embeddable":true,"href":"https:\/\/arroyitoonline.com.ar\/index.php?rest_route=%2Fwp%2Fv2%2Fcategories&post=2657"},{"taxonomy":"post_tag","embeddable":true,"href":"https:\/\/arroyitoonline.com.ar\/index.php?rest_route=%2Fwp%2Fv2%2Ftags&post=2657"}],"curies":[{"name":"wp","href":"https:\/\/api.w.org\/{rel}","templated":true}]}}