{"id":2670,"date":"2019-03-08T04:29:15","date_gmt":"2019-03-08T04:29:15","guid":{"rendered":"http:\/\/arroyitoonline.com.ar\/?p=2670"},"modified":"2019-03-08T13:25:10","modified_gmt":"2019-03-08T13:25:10","slug":"la-tristeza-se-profundiza-murio-el-joven-daniel-monje","status":"publish","type":"post","link":"https:\/\/arroyitoonline.com.ar\/?p=2670","title":{"rendered":"La tristeza se profundiza: muri\u00f3 el joven Daniel Monje"},"content":{"rendered":"\n<p><strong>Ten\u00eda c\u00e1ncer y peleaba por su vida. Sus amigos y familiares lo despiden\nen las redes sociales, defini\u00e9ndolo como <em>\u201cun\ngran luchador\u201d<\/em>. <\/strong><\/p>\n\n\n\n<p>En la tarde de ayer, tras conocerse la noticia del <a href=\"http:\/\/arroyitoonline.com.ar\/noticias\/tristeza-en-arroyito-fallecio-el-joven-valentin-chioccarello\/\">fallecimiento de Valent\u00edn Chioccarello<\/a>, de solo 19 a\u00f1os, lleg\u00f3 otra informaci\u00f3n que profundiz\u00f3 el pesar en Arroyito. <\/p>\n\n\n\n<p>Es que, luego de su lucha contra\nel c\u00e1ncer, muri\u00f3 Daniel Monje, calificado por sus amigos y familiares como <em>\u201cun gran luchador, que la pele\u00f3 hasta el\nfinal\u201d<\/em>.<\/p>\n\n\n\n<p>Ten\u00eda 26 a\u00f1os y, durante su\nenfermedad, us\u00f3 la red social Facebook para dar testimonio sobre la fe en Dios y\nel valor de vivir.<\/p>\n\n\n\n<p>Su historia conmovi\u00f3 a conocidos y ajenos. Muchas personas lo ayudaron a lo largo de su tratamiento e internaciones. Tal es el caso de los peluqueros solidarios, que <a href=\"http:\/\/arroyitoonline.com.ar\/info-online\/solidaridad-online\/peluqueros-solidarios-entregaron-ayuda-economica-a-dani-monje\/\">cambiaron cortes de pelo por colaboraciones econ\u00f3micas<\/a> para \u00e9l. <\/p>\n\n\n\n<p>Los restos mortales del joven son velados en salas de Av. Mariano Moreno esquina R. Bianchi. El sepelio ser\u00e1 este viernes 8 a las 18:00 horas en el Cementerio local, previo oficio religioso de cuerpo presente en las mismas salas. <\/p>\n\n\n\n<p>Hoy, nuestra ciudad est\u00e1 de luto por la partida de dos j\u00f3venes que ten\u00edan todo por delante. Quienes hacemos Arroyito Online enviamos nuestro m\u00e1s sentido p\u00e9same al entorno de Dani, esperando que pueda encontrar paz y consuelo ante tan irreparable p\u00e9rdida. <\/p>\n","protected":false},"excerpt":{"rendered":"<p>Ten\u00eda c\u00e1ncer y peleaba por su vida. Sus amigos y familiares lo despiden en las redes sociales, defini\u00e9ndolo como \u201cun&hellip;<\/p>\n","protected":false},"author":3,"featured_media":2671,"comment_status":"closed","ping_status":"open","sticky":false,"template":"","format":"standard","meta":{"footnotes":""},"categories":[900],"tags":[66,67,836,151,508,572,861,738],"class_list":["post-2670","post","type-post","status-publish","format-standard","has-post-thumbnail","hentry","category-noticias","tag-arroyito","tag-arroyito-cordoba","tag-arroyito-online","tag-cancer","tag-lucha-contra-el-cancer","tag-noticias-de-arroyito-y-zona","tag-peluqueros-solidarios","tag-solidaridad"],"_links":{"self":[{"href":"https:\/\/arroyitoonline.com.ar\/index.php?rest_route=\/wp\/v2\/posts\/2670","targetHints":{"allow":["GET"]}}],"collection":[{"href":"https:\/\/arroyitoonline.com.ar\/index.php?rest_route=\/wp\/v2\/posts"}],"about":[{"href":"https:\/\/arroyitoonline.com.ar\/index.php?rest_route=\/wp\/v2\/types\/post"}],"author":[{"embeddable":true,"href":"https:\/\/arroyitoonline.com.ar\/index.php?rest_route=\/wp\/v2\/users\/3"}],"replies":[{"embeddable":true,"href":"https:\/\/arroyitoonline.com.ar\/index.php?rest_route=%2Fwp%2Fv2%2Fcomments&post=2670"}],"version-history":[{"count":2,"href":"https:\/\/arroyitoonline.com.ar\/index.php?rest_route=\/wp\/v2\/posts\/2670\/revisions"}],"predecessor-version":[{"id":2677,"href":"https:\/\/arroyitoonline.com.ar\/index.php?rest_route=\/wp\/v2\/posts\/2670\/revisions\/2677"}],"wp:featuredmedia":[{"embeddable":true,"href":"https:\/\/arroyitoonline.com.ar\/index.php?rest_route=\/wp\/v2\/media\/2671"}],"wp:attachment":[{"href":"https:\/\/arroyitoonline.com.ar\/index.php?rest_route=%2Fwp%2Fv2%2Fmedia&parent=2670"}],"wp:term":[{"taxonomy":"category","embeddable":true,"href":"https:\/\/arroyitoonline.com.ar\/index.php?rest_route=%2Fwp%2Fv2%2Fcategories&post=2670"},{"taxonomy":"post_tag","embeddable":true,"href":"https:\/\/arroyitoonline.com.ar\/index.php?rest_route=%2Fwp%2Fv2%2Ftags&post=2670"}],"curies":[{"name":"wp","href":"https:\/\/api.w.org\/{rel}","templated":true}]}}