{"id":2706,"date":"2019-03-11T04:39:24","date_gmt":"2019-03-11T04:39:24","guid":{"rendered":"http:\/\/arroyitoonline.com.ar\/?p=2706"},"modified":"2019-03-12T02:31:53","modified_gmt":"2019-03-12T02:31:53","slug":"arroyito-tendra-su-primer-foro-creativo-cultural","status":"publish","type":"post","link":"https:\/\/arroyitoonline.com.ar\/?p=2706","title":{"rendered":"Arroyito tendr\u00e1 su Primer Foro Creativo Cultural"},"content":{"rendered":"\n<p><strong>De la reuni\u00f3n organizativa participaron <\/strong><strong>representantes de distintas disciplinas como danza, m\u00fasica, literatura, teatro,\nfotograf\u00eda, museo, bibliotecas, medios audiovisuales, periodismo y dise\u00f1o.<\/strong><\/p>\n\n\n\n<p>El pasado viernes 1 de marzo se realiz\u00f3 una reuni\u00f3n en las\ninstalaciones de la Casa de la&nbsp;Cultura para la organizaci\u00f3n del Primer Foro\nCreativo Cultural.<\/p>\n\n\n\n<p>Los oradores del encuentro fueron la directora de Cultura Viviana Sam Sam y el asesor Cultural Gerardo Lemos, exponiendo sus objetivos, haciendo alusi\u00f3n a la&nbsp;importancia de su realizaci\u00f3n para la concreci\u00f3n de un \u201cmapeo\u201d, que servir\u00e1 como base de datos de todos los agentes culturales de nuestra ciudad.<\/p>\n\n\n\n<p>Estuvieron presentes representantes de las distintas disciplinas como danza, m\u00fasica, literatura, teatro, fotograf\u00eda, museo, bibliotecas, medios audiovisuales, periodismo y dise\u00f1o. <\/p>\n\n\n\n<p>Todos demostraron mucho entusiasmo y deseos de colaboraci\u00f3n\nen este gran evento que se realizar\u00e1 el s\u00e1bado 16 de marzo desde las 9:00 horas\nen el Teatrillo Municipal Jos\u00e9 Francisco Guarch.<\/p>\n\n\n\n<p>Para informes e inscripciones dirigirse a la secretar\u00eda de la Casa de la Cultura de lunes a viernes de 8:00 a 19:00, o llamando al n\u00famero de tel\u00e9fono 424400, interno 4. <\/p>\n\n\n\n<p>uente: Prensa Municipal. <\/p>\n","protected":false},"excerpt":{"rendered":"<p>De la reuni\u00f3n organizativa participaron representantes de distintas disciplinas como danza, m\u00fasica, literatura, teatro, fotograf\u00eda, museo, bibliotecas, medios audiovisuales, periodismo&hellip;<\/p>\n","protected":false},"author":3,"featured_media":2707,"comment_status":"closed","ping_status":"open","sticky":false,"template":"","format":"standard","meta":{"footnotes":""},"categories":[2],"tags":[66,67,836,158,864,868,555,556,572,901],"class_list":["post-2706","post","type-post","status-publish","format-standard","has-post-thumbnail","hentry","category-cultura-y-espectaculos","tag-arroyito","tag-arroyito-cordoba","tag-arroyito-online","tag-casa-de-la-cultura","tag-cultura-y-espectaculos-online","tag-municipales-online","tag-municipalidad","tag-municipalidad-de-arroyito","tag-noticias-de-arroyito-y-zona","tag-primer-foro-creativo"],"_links":{"self":[{"href":"https:\/\/arroyitoonline.com.ar\/index.php?rest_route=\/wp\/v2\/posts\/2706","targetHints":{"allow":["GET"]}}],"collection":[{"href":"https:\/\/arroyitoonline.com.ar\/index.php?rest_route=\/wp\/v2\/posts"}],"about":[{"href":"https:\/\/arroyitoonline.com.ar\/index.php?rest_route=\/wp\/v2\/types\/post"}],"author":[{"embeddable":true,"href":"https:\/\/arroyitoonline.com.ar\/index.php?rest_route=\/wp\/v2\/users\/3"}],"replies":[{"embeddable":true,"href":"https:\/\/arroyitoonline.com.ar\/index.php?rest_route=%2Fwp%2Fv2%2Fcomments&post=2706"}],"version-history":[{"count":3,"href":"https:\/\/arroyitoonline.com.ar\/index.php?rest_route=\/wp\/v2\/posts\/2706\/revisions"}],"predecessor-version":[{"id":2739,"href":"https:\/\/arroyitoonline.com.ar\/index.php?rest_route=\/wp\/v2\/posts\/2706\/revisions\/2739"}],"wp:featuredmedia":[{"embeddable":true,"href":"https:\/\/arroyitoonline.com.ar\/index.php?rest_route=\/wp\/v2\/media\/2707"}],"wp:attachment":[{"href":"https:\/\/arroyitoonline.com.ar\/index.php?rest_route=%2Fwp%2Fv2%2Fmedia&parent=2706"}],"wp:term":[{"taxonomy":"category","embeddable":true,"href":"https:\/\/arroyitoonline.com.ar\/index.php?rest_route=%2Fwp%2Fv2%2Fcategories&post=2706"},{"taxonomy":"post_tag","embeddable":true,"href":"https:\/\/arroyitoonline.com.ar\/index.php?rest_route=%2Fwp%2Fv2%2Ftags&post=2706"}],"curies":[{"name":"wp","href":"https:\/\/api.w.org\/{rel}","templated":true}]}}