{"id":2715,"date":"2019-03-08T17:12:43","date_gmt":"2019-03-08T17:12:43","guid":{"rendered":"http:\/\/arroyitoonline.com.ar\/?p=2715"},"modified":"2019-03-11T13:21:40","modified_gmt":"2019-03-11T13:21:40","slug":"realizaron-el-primer-taller-de-prevencion-y-sensibilizacion-sobre-violencia-familiar-del-ano","status":"publish","type":"post","link":"https:\/\/arroyitoonline.com.ar\/?p=2715","title":{"rendered":"Realizaron el primer Taller de prevenci\u00f3n y sensibilizaci\u00f3n sobre violencia familiar del a\u00f1o"},"content":{"rendered":"\n<p><strong>Estuvo organizado por el Consejo Municipal de la Mujer y fue\nguiado por la psic\u00f3loga Magal\u00ed Ledesma. <\/strong><\/p>\n\n\n\n<p>El mi\u00e9rcoles 6 de marzo, en el Punto Digital de la Casa de la\nCultura, el Consejo de la Mujer desarroll\u00f3 el primer taller del a\u00f1o sobre\nPrevenci\u00f3n y sensibilizaci\u00f3n en el marco del D\u00eda Naranja. El encuentro estuvo a\ncargo de la psic\u00f3loga Magal\u00ed Ledesma. <\/p>\n\n\n\n<p>En la oportunidad, la profesional expuso de manera did\u00e1ctica,\nlas diferentes alternativas para que se rompa el aislamiento apelando a redes que\nact\u00faen frente a la violencia familiar. <\/p>\n\n\n\n<p>De esta forma la disertante habl\u00f3 del c\u00edrculo que se\nestablece entre el agresor y la v\u00edctima y c\u00f3mo salir adelante resguardando a\nlos hijos y con el menor da\u00f1o posible.<\/p>\n\n\n\n<p>Las presentes realizaron tambi\u00e9n una din\u00e1mica, ejemplificando\nc\u00f3mo se distorsionan las noticias cuando se trasmiten de boca en boca y sin\nconsultarlas a una fuente segura, destacando la importancia de que se traten con\nrespeto y objetividad temas tan delicados c\u00f3mo lo es la violencia de\ng\u00e9nero.&nbsp;<\/p>\n\n\n\n<p>Llegando al final, la organizaci\u00f3n reparti\u00f3 volantes con n\u00fameros\ntel\u00e9fonos y direcciones a los que puede recurrirse en caso de que se necesite ayuda\ny contenci\u00f3n ante una situaci\u00f3n de riesgo y que se pueda contar con asistencia\nprofesional adecuada.<\/p>\n\n\n\n<p>Entre un variado n\u00famero de participativas mujeres estuvieron\npresentes:<\/p>\n\n\n\n<p>La viceintendente Graciela Tristany, la secretaria de Acci\u00f3n Social Miriam Zagonel, la coordinadora del PreNAF Silvia Lovera, concejalas Alejandra Delavalle y Carolina Ciancia, la responsable de la Sub\u2013Delegaci\u00f3n de Derechos Humanos de la Naci\u00f3n Marlene Baronetto, la coordinadora del Consejo de la Mujer Edith Brav\u00edn, la ciudadana Ilustre Nilde Raquel \u201cChichi\u201d Alonso de Mazzoni, integrantes del Consejo de la Mujer y representantes de diferentes instituciones de la ciudad.<\/p>\n\n\n\n<p>Fuente: Prensa Municipal. <\/p>\n","protected":false},"excerpt":{"rendered":"<p>Estuvo organizado por el Consejo Municipal de la Mujer y fue guiado por la psic\u00f3loga Magal\u00ed Ledesma. El mi\u00e9rcoles 6&hellip;<\/p>\n","protected":false},"author":3,"featured_media":2720,"comment_status":"closed","ping_status":"open","sticky":false,"template":"","format":"standard","meta":{"footnotes":""},"categories":[877],"tags":[232,550,551,555,556,878,876,808,809,810],"class_list":["post-2715","post","type-post","status-publish","format-standard","has-post-thumbnail","hentry","category-noti-mujer-online","tag-consejo-de-la-mujer","tag-mujeres","tag-mujeres-arroyito","tag-municipalidad","tag-municipalidad-de-arroyito","tag-noti-mujer-online","tag-punto-digital","tag-violencia","tag-violencia-de-genero","tag-violencia-familiar"],"_links":{"self":[{"href":"https:\/\/arroyitoonline.com.ar\/index.php?rest_route=\/wp\/v2\/posts\/2715","targetHints":{"allow":["GET"]}}],"collection":[{"href":"https:\/\/arroyitoonline.com.ar\/index.php?rest_route=\/wp\/v2\/posts"}],"about":[{"href":"https:\/\/arroyitoonline.com.ar\/index.php?rest_route=\/wp\/v2\/types\/post"}],"author":[{"embeddable":true,"href":"https:\/\/arroyitoonline.com.ar\/index.php?rest_route=\/wp\/v2\/users\/3"}],"replies":[{"embeddable":true,"href":"https:\/\/arroyitoonline.com.ar\/index.php?rest_route=%2Fwp%2Fv2%2Fcomments&post=2715"}],"version-history":[{"count":1,"href":"https:\/\/arroyitoonline.com.ar\/index.php?rest_route=\/wp\/v2\/posts\/2715\/revisions"}],"predecessor-version":[{"id":2716,"href":"https:\/\/arroyitoonline.com.ar\/index.php?rest_route=\/wp\/v2\/posts\/2715\/revisions\/2716"}],"wp:featuredmedia":[{"embeddable":true,"href":"https:\/\/arroyitoonline.com.ar\/index.php?rest_route=\/wp\/v2\/media\/2720"}],"wp:attachment":[{"href":"https:\/\/arroyitoonline.com.ar\/index.php?rest_route=%2Fwp%2Fv2%2Fmedia&parent=2715"}],"wp:term":[{"taxonomy":"category","embeddable":true,"href":"https:\/\/arroyitoonline.com.ar\/index.php?rest_route=%2Fwp%2Fv2%2Fcategories&post=2715"},{"taxonomy":"post_tag","embeddable":true,"href":"https:\/\/arroyitoonline.com.ar\/index.php?rest_route=%2Fwp%2Fv2%2Ftags&post=2715"}],"curies":[{"name":"wp","href":"https:\/\/api.w.org\/{rel}","templated":true}]}}