{"id":2717,"date":"2019-03-11T12:36:35","date_gmt":"2019-03-11T12:36:35","guid":{"rendered":"http:\/\/arroyitoonline.com.ar\/?p=2717"},"modified":"2019-03-11T12:36:36","modified_gmt":"2019-03-11T12:36:36","slug":"buscan-al-joven-eliseo-nahuel-aveldano","status":"publish","type":"post","link":"https:\/\/arroyitoonline.com.ar\/?p=2717","title":{"rendered":"Buscan al joven Eliseo Nahuel Avelda\u00f1o"},"content":{"rendered":"\n<p><strong>Su hermana Ail\u00e9n dijo\nque ayer fue radicada la denuncia en la Unidad Judicial. No lo ven desde el\ns\u00e1bado a la ma\u00f1ana. &nbsp;<\/strong><\/p>\n\n\n\n<p>La familia del joven de Arroyito Eliseo Nahuel Avelda\u00f1o (23)\nlo busca con intensidad desde el s\u00e1bado a la ma\u00f1ana. <em>\u201cGente necesitamos ayuda de todos ustedes. Estamos buscando a mi\nhermano, a\u00fan no sabemos nada de \u00e9l. Por favor si alguien lo vio, m\u00ednimo detalle\nque sepan nos puede ayudar much\u00edsimo. Lo mismo si alguien lo ve. O les digan,\ncualquier cosa va a ser de mucha ayuda. Lo estamos buscando. COMPARTAN LA FOTO\ny ay\u00fadennos de esa forma. Muchas gracias\u201d<\/em>, public\u00f3 Ail\u00e9n, su hermana, en la\nred social Facebook. &nbsp;<\/p>\n\n\n\n<p>Eliseo sali\u00f3 el viernes, estuvo en un boliche del sector sur\ny luego se fue al r\u00edo. Lo vieron por \u00faltima vez en la casa de un amigo, a las\n9:30 horas del s\u00e1bado. Avelda\u00f1o le dijo que se iba para su casa, pero ah\u00ed no\napareci\u00f3. <\/p>\n\n\n\n<p>Leo, su amigo, fue la \u00faltima persona que lo vio. A las 14:00\nhoras, el joven se comunic\u00f3 con otro amigo pero \u00e9ste no le contest\u00f3 porque no\nvio el mensaje. Desde ese momento no se sabe nada de \u00e9l. Su celular da apagado.\nMide 1,55 metros. La \u00faltima vez que lo vieron ten\u00eda puesto un jean negro, un\nbuzo azul y zapatillas blancas. La denuncia fue radicada ayer, en la Unidad\nJudicial local. <\/p>\n\n\n\n<p>Ante cualquier informaci\u00f3n, el n\u00famero de tel\u00e9fono de contacto\nes el 3576461547. <\/p>\n","protected":false},"excerpt":{"rendered":"<p>Su hermana Ail\u00e9n dijo que ayer fue radicada la denuncia en la Unidad Judicial. No lo ven desde el s\u00e1bado&hellip;<\/p>\n","protected":false},"author":3,"featured_media":2718,"comment_status":"closed","ping_status":"open","sticky":false,"template":"","format":"standard","meta":{"footnotes":""},"categories":[824],"tags":[66,67,836,281,471,572,635,638,825],"class_list":["post-2717","post","type-post","status-publish","format-standard","has-post-thumbnail","hentry","category-policiales-online","tag-arroyito","tag-arroyito-cordoba","tag-arroyito-online","tag-desaparicion","tag-jovenes","tag-noticias-de-arroyito-y-zona","tag-policia","tag-policiales-arroyito","tag-policiales-online"],"_links":{"self":[{"href":"https:\/\/arroyitoonline.com.ar\/index.php?rest_route=\/wp\/v2\/posts\/2717","targetHints":{"allow":["GET"]}}],"collection":[{"href":"https:\/\/arroyitoonline.com.ar\/index.php?rest_route=\/wp\/v2\/posts"}],"about":[{"href":"https:\/\/arroyitoonline.com.ar\/index.php?rest_route=\/wp\/v2\/types\/post"}],"author":[{"embeddable":true,"href":"https:\/\/arroyitoonline.com.ar\/index.php?rest_route=\/wp\/v2\/users\/3"}],"replies":[{"embeddable":true,"href":"https:\/\/arroyitoonline.com.ar\/index.php?rest_route=%2Fwp%2Fv2%2Fcomments&post=2717"}],"version-history":[{"count":1,"href":"https:\/\/arroyitoonline.com.ar\/index.php?rest_route=\/wp\/v2\/posts\/2717\/revisions"}],"predecessor-version":[{"id":2719,"href":"https:\/\/arroyitoonline.com.ar\/index.php?rest_route=\/wp\/v2\/posts\/2717\/revisions\/2719"}],"wp:featuredmedia":[{"embeddable":true,"href":"https:\/\/arroyitoonline.com.ar\/index.php?rest_route=\/wp\/v2\/media\/2718"}],"wp:attachment":[{"href":"https:\/\/arroyitoonline.com.ar\/index.php?rest_route=%2Fwp%2Fv2%2Fmedia&parent=2717"}],"wp:term":[{"taxonomy":"category","embeddable":true,"href":"https:\/\/arroyitoonline.com.ar\/index.php?rest_route=%2Fwp%2Fv2%2Fcategories&post=2717"},{"taxonomy":"post_tag","embeddable":true,"href":"https:\/\/arroyitoonline.com.ar\/index.php?rest_route=%2Fwp%2Fv2%2Ftags&post=2717"}],"curies":[{"name":"wp","href":"https:\/\/api.w.org\/{rel}","templated":true}]}}