{"id":2721,"date":"2019-03-10T17:50:57","date_gmt":"2019-03-10T17:50:57","guid":{"rendered":"http:\/\/arroyitoonline.com.ar\/?p=2721"},"modified":"2019-03-11T18:48:35","modified_gmt":"2019-03-11T18:48:35","slug":"la-policia-secuestro-un-rifle-y-detuvo-a-dos-personas-en-tres-allanamientos","status":"publish","type":"post","link":"https:\/\/arroyitoonline.com.ar\/?p=2721","title":{"rendered":"La Polic\u00eda secuestr\u00f3 un rifle y detuvo a dos personas en tres allanamientos"},"content":{"rendered":"\n<p><strong>Los procedimientos se produjeron en relaci\u00f3n a un sumario de robo calificado por el uso de arma de fuego.<\/strong><\/p>\n\n\n\n<p>El pasado jueves 7, Polic\u00eda de Arroyito y de La Para, juntamente con personal de investigaciones de la Unidad Regional Departamental R\u00edo Primero realiz\u00f3 allanamientos en relaci\u00f3n a un sumario de robo calificado por el uso de arma de fuego. <\/p>\n\n\n\n<p>Los uniformados registraron, en simult\u00e1neo, tres domicilios: uno en la ciudad de San Francisco y dos viviendas de Arroyito ubicadas sobre las calles Domingo Ciancia y Pac\u00edfico Giusti.<\/p>\n\n\n\n<p>El resultado de las requisas fue positivo, con la detenci\u00f3n de dos personas mayores de edad y el secuestro de un veh\u00edculo, un rifle de aire comprimido y algunos elementos relacionados al hecho por el que se libr\u00f3 la orden de los procedimientos. <\/p>\n\n\n\n<p>Fuente: informe del comisario Clever Salguero.<\/p>\n","protected":false},"excerpt":{"rendered":"<p>Los procedimientos se produjeron en relaci\u00f3n a un sumario de robo calificado por el uso de arma de fuego. El&hellip;<\/p>\n","protected":false},"author":3,"featured_media":2723,"comment_status":"closed","ping_status":"open","sticky":false,"template":"","format":"standard","meta":{"footnotes":""},"categories":[824],"tags":[66,67,836,572,635,637,638,825],"class_list":["post-2721","post","type-post","status-publish","format-standard","has-post-thumbnail","hentry","category-policiales-online","tag-arroyito","tag-arroyito-cordoba","tag-arroyito-online","tag-noticias-de-arroyito-y-zona","tag-policia","tag-policiales","tag-policiales-arroyito","tag-policiales-online"],"_links":{"self":[{"href":"https:\/\/arroyitoonline.com.ar\/index.php?rest_route=\/wp\/v2\/posts\/2721","targetHints":{"allow":["GET"]}}],"collection":[{"href":"https:\/\/arroyitoonline.com.ar\/index.php?rest_route=\/wp\/v2\/posts"}],"about":[{"href":"https:\/\/arroyitoonline.com.ar\/index.php?rest_route=\/wp\/v2\/types\/post"}],"author":[{"embeddable":true,"href":"https:\/\/arroyitoonline.com.ar\/index.php?rest_route=\/wp\/v2\/users\/3"}],"replies":[{"embeddable":true,"href":"https:\/\/arroyitoonline.com.ar\/index.php?rest_route=%2Fwp%2Fv2%2Fcomments&post=2721"}],"version-history":[{"count":2,"href":"https:\/\/arroyitoonline.com.ar\/index.php?rest_route=\/wp\/v2\/posts\/2721\/revisions"}],"predecessor-version":[{"id":2725,"href":"https:\/\/arroyitoonline.com.ar\/index.php?rest_route=\/wp\/v2\/posts\/2721\/revisions\/2725"}],"wp:featuredmedia":[{"embeddable":true,"href":"https:\/\/arroyitoonline.com.ar\/index.php?rest_route=\/wp\/v2\/media\/2723"}],"wp:attachment":[{"href":"https:\/\/arroyitoonline.com.ar\/index.php?rest_route=%2Fwp%2Fv2%2Fmedia&parent=2721"}],"wp:term":[{"taxonomy":"category","embeddable":true,"href":"https:\/\/arroyitoonline.com.ar\/index.php?rest_route=%2Fwp%2Fv2%2Fcategories&post=2721"},{"taxonomy":"post_tag","embeddable":true,"href":"https:\/\/arroyitoonline.com.ar\/index.php?rest_route=%2Fwp%2Fv2%2Ftags&post=2721"}],"curies":[{"name":"wp","href":"https:\/\/api.w.org\/{rel}","templated":true}]}}