{"id":2733,"date":"2019-03-11T17:00:28","date_gmt":"2019-03-11T17:00:28","guid":{"rendered":"http:\/\/arroyitoonline.com.ar\/?p=2733"},"modified":"2019-03-12T04:41:38","modified_gmt":"2019-03-12T04:41:38","slug":"estan-abiertas-las-inscripciones-para-la-tecnicatura-superior-en-gestion-y-administracion-de-las-organizaciones","status":"publish","type":"post","link":"https:\/\/arroyitoonline.com.ar\/?p=2733","title":{"rendered":"Est\u00e1n abiertas las inscripciones para la Tecnicatura en Administraci\u00f3n de Empresas"},"content":{"rendered":"\n<p><strong>La V\u00e9lez Nivel\nSuperior abre la tercera cohorte de esta carrera, con ampl\u00edsima salida laboral\nen el \u00e1mbito local. <\/strong><\/p>\n\n\n\n<p>La <strong>Tecnicatura en Gesti\u00f3n y Administraci\u00f3n de las Organizaciones<\/strong> se cursa en el <strong>Nivel Superior <\/strong>de la<strong> Escuela Dr. Dalmacio V\u00e9lez Sarsfield<\/strong> durante <strong>tres a\u00f1os<\/strong>. Su plan curricular consta de asignaturas anuales distribuidas espec\u00edficas, como Sistemas de Informaci\u00f3n Contable, Derecho, Comercializaci\u00f3n, etc.<\/p>\n\n\n\n<p>En la actualidad, el\ncontexto social y laboral se caracteriza por una serie de cambios r\u00e1pidos y\nnotables; donde el rol de las personas se torna activo y desafiante, de all\u00ed la\nresponsabilidad de la formaci\u00f3n de profesionales que comprendan la realidad;\ndonde el mundo de las organizaciones y los negocios reciban respuesta a su\ndemanda de profesionales polivalentes, flexibles, cr\u00edticos, capaces de\nrelacionar, explicar, transferir y transformar los nuevos conocimientos a\ndiversas situaciones; que en sus puestos de trabajo se manejen con\nresponsabilidad y autonom\u00eda, gestionando acompa\u00f1ados por la tecnolog\u00eda.<\/p>\n\n\n\n<p>Por consiguiente, la Tecnicatura se cursa de lunes a viernes, desde las 19:30 horas, en un horario que permite que los alumnos trabajen. En relaci\u00f3n a las inasistencias o llegadas tardes por razones laborales, la V\u00e9lez Superior cuenta con un r\u00e9gimen de justificaci\u00f3n especial, mediante presentaci\u00f3n de certificado. Adem\u00e1s han incorporado acompa\u00f1amiento y experiencia de entornos virtuales para que sus estudiantes accedan a todos los contenidos en relaci\u00f3n a las actuales demandas de la formaci\u00f3n.<\/p>\n\n\n\n<p>Todo ello permite\nla inmediata inserci\u00f3n en el sistema laboral, lo que se ve reforzado con&nbsp;\nel acompa\u00f1amiento de un equipo docente capacitado.<\/p>\n\n\n\n<p>El pr\u00f3ximo lunes comienza la tercera cohorte de la carrera. <em>\u201cEn la primera hubo 12 y en la segunda 11 egresados, todos se encuentran trabajando\u201d<\/em>, expres\u00f3 a <strong>Arroyito Online<\/strong> la directora del establecimiento Cecilia Petit. Por su parte, el docente y abogado Emanuel Acosta sum\u00f3 que <em>\u201cUna de las caracter\u00edsticas de la Tecnicatura es la fuerte articulaci\u00f3n con el mercado laboral, porque en la estad\u00edstica, el 80% de los estudiantes que la cursa, o emprenden su propia PyME, o mejoran sus empresas particulares o aquellos que llegan sin trabajo, son convocados por empresas locales, que nos piden referencias y Curriculum\u201d<\/em>, al tiempo que asever\u00f3 que <em>\u201cEs compatible con Arroyito, no solo por las empresas que hay en la ciudad, sino porque le permite a aquel que tiene un emprendimiento personal hacer un plan de negocios. Son herramientas que los alumnos vuelcan en sus emprendimientos personales o familiares\u201d<\/em>. <\/p>\n\n\n\n<p><em>LA CARRERA<\/em><\/p>\n\n\n\n<p>Las clases empiezan\nel <strong>lunes 18 de marzo<\/strong>. Inscripciones\nabiertas de manera presencial en Av. Bernardo Erb 382, desde las 19:30 horas. <\/p>\n\n\n\n<p>Matr\u00edcula: $3.100 y\n10 cuotas fijas anuales del mismo valor. <\/p>\n\n\n\n<p>Para exalumnos\nvelezanos se prev\u00e9 un descuento del 50% en la matr\u00edcula.<\/p>\n\n\n\n<p>Los pagos pueden\nhacerse en efectivo o con tarjetas de cr\u00e9dito. <\/p>\n\n\n\n<p><strong>Duraci\u00f3n:<\/strong> 3 a\u00f1os.<\/p>\n\n\n\n<p><strong>T\u00edtulo:<\/strong> T\u00e9cnico Superior en Gesti\u00f3n y Administraci\u00f3n de las Organizaciones<\/p>\n\n\n\n<p><strong>Modalidad:<\/strong> presencial \/ anual.<\/p>\n\n\n\n<p><strong>Horario<\/strong>: Lunes a viernes de 19.30 a 23:45 horas.<\/p>\n\n\n\n<p><strong>Perfil del egresado<\/strong> <\/p>\n\n\n\n<p>El\nT\u00e9cnico Superior en Gesti\u00f3n y Administraci\u00f3n de las Organizaciones est\u00e1\ncapacitado para la realizaci\u00f3n de operaciones comerciales, administrativas y\ncontables de las organizaciones como as\u00ed tambi\u00e9n la organizaci\u00f3n y\nplanificaci\u00f3n de los recursos necesarios para que lleven adelante las\nfunciones. Est\u00e1 capacitado para la toma de decisiones incluso aquellas no\nprogramadas. <\/p>\n\n\n\n<ul class=\"wp-block-list\"><li>El \u00e1rea ocupacional de T\u00e9cnico Superior es la de gesti\u00f3n y\nadministraci\u00f3n de todo tipo de organizaciones y se relaciona con las funciones\noperativas de las compras, ventas, administraci\u00f3n y gesti\u00f3n de los recursos, y\nel registro contable. <\/li><li>Su s\u00f3lida formaci\u00f3n le permite tambi\u00e9n la planificaci\u00f3n,\norganizaci\u00f3n y gesti\u00f3n de sus propios emprendimientos. <\/li><\/ul>\n\n\n\n<p><strong>Alcances del t\u00edtulo:<\/strong><\/p>\n\n\n\n<ul class=\"wp-block-list\"><li>Administrar y gestionar las compras<\/li><li>Organizar y operar la registraci\u00f3n contable<\/li><li>Gestionar y operar la comercializaci\u00f3n<\/li><li>Administrar y gestionar los Recursos Humanos<\/li><li>Administrar y gestionar los fondos<\/li><\/ul>\n\n\n\n<p>Carrera\n(materias por a\u00f1o)<\/p>\n\n\n\n<p>1\u00ba A\u00d1O<\/p>\n\n\n\n<p>\u00b7&nbsp;&nbsp;&nbsp;&nbsp;&nbsp;&nbsp;&nbsp;&nbsp; Ingl\u00e9s I<\/p>\n\n\n\n<p>\u00b7&nbsp;&nbsp;&nbsp;&nbsp;&nbsp;&nbsp;&nbsp; &nbsp;Sociolog\u00eda General<\/p>\n\n\n\n<p>\u00b7&nbsp;&nbsp;&nbsp;&nbsp;&nbsp;&nbsp;&nbsp;&nbsp; Tecnolog\u00eda de la Inform\u00e1tica Y la\nComunicaci\u00f3n<\/p>\n\n\n\n<p>\u00b7&nbsp;&nbsp;&nbsp;&nbsp;&nbsp;&nbsp;&nbsp;&nbsp; Derecho<\/p>\n\n\n\n<p>\u00b7&nbsp;&nbsp;&nbsp;&nbsp;&nbsp;&nbsp;&nbsp;&nbsp; Matem\u00e1tica<\/p>\n\n\n\n<p>\u00b7&nbsp;&nbsp;&nbsp;&nbsp;&nbsp;&nbsp;&nbsp;&nbsp; Econom\u00eda<\/p>\n\n\n\n<p>\u00b7&nbsp;&nbsp;&nbsp;&nbsp;&nbsp;&nbsp;&nbsp;&nbsp; Sistema de Informaci\u00f3n Contable I<\/p>\n\n\n\n<p>2\u00ba A\u00d1O<\/p>\n\n\n\n<p>\u00b7&nbsp;&nbsp;&nbsp;&nbsp;&nbsp;&nbsp;&nbsp;&nbsp; Estad\u00edstica<\/p>\n\n\n\n<p>\u00b7&nbsp;&nbsp;&nbsp;&nbsp;&nbsp;&nbsp;&nbsp;&nbsp; Derecho Laboral<\/p>\n\n\n\n<p>\u00b7&nbsp;&nbsp;&nbsp;&nbsp;&nbsp;&nbsp;&nbsp;&nbsp; Teor\u00eda de las Organizaciones y de la\nAdministraci\u00f3n<\/p>\n\n\n\n<p>\u00b7&nbsp;&nbsp;&nbsp;&nbsp;&nbsp;&nbsp;&nbsp;&nbsp; Sistema de Informaci\u00f3n Contable II<\/p>\n\n\n\n<p>\u00b7&nbsp;&nbsp;&nbsp;&nbsp;&nbsp;&nbsp;&nbsp;&nbsp; Legislaci\u00f3n Tributaria<\/p>\n\n\n\n<p>\u00b7&nbsp;&nbsp;&nbsp;&nbsp;&nbsp;&nbsp;&nbsp;&nbsp; Comercializaci\u00f3n I<\/p>\n\n\n\n<p>\u00b7&nbsp;&nbsp;&nbsp;&nbsp;&nbsp;&nbsp;&nbsp;&nbsp; Pr\u00e1ctica Profesionalizante I<\/p>\n\n\n\n<p>3\u00ba A\u00d1O<\/p>\n\n\n\n<p>\u00b7&nbsp;&nbsp;&nbsp;&nbsp;&nbsp;&nbsp;&nbsp;&nbsp; Derecho Comercial<\/p>\n\n\n\n<p>\u00b7&nbsp;&nbsp;&nbsp;&nbsp;&nbsp;&nbsp;&nbsp;&nbsp; Administraci\u00f3n Financiera<\/p>\n\n\n\n<p>\u00b7&nbsp;&nbsp;&nbsp;&nbsp;&nbsp;&nbsp;&nbsp;&nbsp; Comercializaci\u00f3n II<\/p>\n\n\n\n<p>\u00b7&nbsp;&nbsp;&nbsp;&nbsp;&nbsp;&nbsp;&nbsp;&nbsp; Sistema de Informaci\u00f3n Contable III<\/p>\n\n\n\n<p>\u00b7&nbsp;&nbsp;&nbsp;&nbsp;&nbsp;&nbsp;&nbsp;&nbsp; Administraci\u00f3n de Recursos Humanos<\/p>\n\n\n\n<p>\u00b7&nbsp;&nbsp;&nbsp;&nbsp;&nbsp;&nbsp;&nbsp;&nbsp; Pr\u00e1ctica Profesionalizante II<\/p>\n","protected":false},"excerpt":{"rendered":"<p>La V\u00e9lez Nivel Superior abre la tercera cohorte de esta carrera, con ampl\u00edsima salida laboral en el \u00e1mbito local. La&hellip;<\/p>\n","protected":false},"author":3,"featured_media":2734,"comment_status":"closed","ping_status":"open","sticky":false,"template":"","format":"standard","meta":{"footnotes":""},"categories":[830],"tags":[66,67,836,153,310,888,902,572,785],"class_list":["post-2733","post","type-post","status-publish","format-standard","has-post-thumbnail","hentry","category-educacion-online","tag-arroyito","tag-arroyito-cordoba","tag-arroyito-online","tag-capacitacion","tag-educacion","tag-escuela-dr-dalmacio-velez-sarsfield","tag-nivel-superior-velez","tag-noticias-de-arroyito-y-zona","tag-universidad"],"_links":{"self":[{"href":"https:\/\/arroyitoonline.com.ar\/index.php?rest_route=\/wp\/v2\/posts\/2733","targetHints":{"allow":["GET"]}}],"collection":[{"href":"https:\/\/arroyitoonline.com.ar\/index.php?rest_route=\/wp\/v2\/posts"}],"about":[{"href":"https:\/\/arroyitoonline.com.ar\/index.php?rest_route=\/wp\/v2\/types\/post"}],"author":[{"embeddable":true,"href":"https:\/\/arroyitoonline.com.ar\/index.php?rest_route=\/wp\/v2\/users\/3"}],"replies":[{"embeddable":true,"href":"https:\/\/arroyitoonline.com.ar\/index.php?rest_route=%2Fwp%2Fv2%2Fcomments&post=2733"}],"version-history":[{"count":2,"href":"https:\/\/arroyitoonline.com.ar\/index.php?rest_route=\/wp\/v2\/posts\/2733\/revisions"}],"predecessor-version":[{"id":2736,"href":"https:\/\/arroyitoonline.com.ar\/index.php?rest_route=\/wp\/v2\/posts\/2733\/revisions\/2736"}],"wp:featuredmedia":[{"embeddable":true,"href":"https:\/\/arroyitoonline.com.ar\/index.php?rest_route=\/wp\/v2\/media\/2734"}],"wp:attachment":[{"href":"https:\/\/arroyitoonline.com.ar\/index.php?rest_route=%2Fwp%2Fv2%2Fmedia&parent=2733"}],"wp:term":[{"taxonomy":"category","embeddable":true,"href":"https:\/\/arroyitoonline.com.ar\/index.php?rest_route=%2Fwp%2Fv2%2Fcategories&post=2733"},{"taxonomy":"post_tag","embeddable":true,"href":"https:\/\/arroyitoonline.com.ar\/index.php?rest_route=%2Fwp%2Fv2%2Ftags&post=2733"}],"curies":[{"name":"wp","href":"https:\/\/api.w.org\/{rel}","templated":true}]}}