{"id":2743,"date":"2019-03-11T16:39:24","date_gmt":"2019-03-11T16:39:24","guid":{"rendered":"http:\/\/arroyitoonline.com.ar\/?p=2743"},"modified":"2019-03-12T04:41:03","modified_gmt":"2019-03-12T04:41:03","slug":"arroyito-fue-sede-de-la-3a-asamblea-nacional-de-hijos-de-veteranos-de-guerra","status":"publish","type":"post","link":"https:\/\/arroyitoonline.com.ar\/?p=2743","title":{"rendered":"Arroyito fue sede de la 3\u00aa Asamblea Nacional de Hijos de Veteranos de Guerra"},"content":{"rendered":"\n<p><strong>S\u00e1bado y domingo visitaron nuestra ciudad delegaciones de\nLa Rioja, Tucum\u00e1n, Jujuy, la Pampa, Santa Fe, Entre R\u00edos, Merlo, La Matanza y\nSan Isidro.<\/strong><\/p>\n\n\n\n<p>Los d\u00edas s\u00e1bado 9 y domingo 10 de marzo se desarroll\u00f3 en\nnuestra ciudad, el Tercer Encuentro Nacional de Hijos de Veterano de Guerra.<\/p>\n\n\n\n<p>En la oportunidad llegaron a Arroyito delegaciones La Rioja,\nTucum\u00e1n, Jujuy, la Pampa, Santa Fe, Entre R\u00edos, Merlo, La Matanza y San Isidro.<\/p>\n\n\n\n<p>Cabe destacar que la asamblea tuvo su acto oficial en la\nSala de Deliberaciones del edificio municipal con la presencia del secretario\nde Obras P\u00fablicas Daniel Lafarina, la secretaria Privada del intendente, Marcela\nFerreyra, la coordinadora de la Oficina de Empleo Viviana Vercelli, la directora\nde Cultura Viviana Sam Sam, concejales, excombatientes, familiares y p\u00fablico en\ngeneral.<\/p>\n\n\n\n<p>En la oportunidad toc\u00f3 como sede la provincia de C\u00f3rdoba. Es\npor ello que Generaci\u00f3n Malvinas Arroyito propuso a la ciudad m\u00e1s dulce del\npa\u00eds como lugar de encuentro. <\/p>\n\n\n\n<p>Durante estos d\u00edas, los j\u00f3venes malvinizaron llegando a los transe\u00fantes&nbsp; en los espacios p\u00fablicos con el slogan&nbsp;<em>\u201cLa llama que nuestros padres encendieron el d\u00eda de la guerra no se apague nunca\u201d<\/em>&nbsp;y la gente qued\u00f3 muy sorprendida por el trabajo que realizaron. <\/p>\n\n\n\n<p>Asimismo los organizadores comentaron que \u201c<em>El objetivo es poderles cumplir el sue\u00f1o a los padres de tener un propio centro veteranos de guerra donde se puedan sentir acogidos y tener un&nbsp; espacio para hacer&nbsp;reuniones d\u00e1ndoles el lugar que merecen\u201d<\/em>. Adem\u00e1s, Generaci\u00f3n Malvinas Arroyito agradeci\u00f3&nbsp;al Municipio <em>\u201cpor haber&nbsp; apoyado a este encuentro del Centro Veteranos de Guerra y a la casa del Veterano C\u00f3rdoba, porque sin estos medios no se hubiera realizado dicho encuentro\u201d<\/em>.<\/p>\n\n\n\n<p>Fuente: Prensa Municipal. <\/p>\n","protected":false},"excerpt":{"rendered":"<p>S\u00e1bado y domingo visitaron nuestra ciudad delegaciones de La Rioja, Tucum\u00e1n, Jujuy, la Pampa, Santa Fe, Entre R\u00edos, Merlo, La&hellip;<\/p>\n","protected":false},"author":3,"featured_media":2744,"comment_status":"closed","ping_status":"open","sticky":false,"template":"","format":"standard","meta":{"footnotes":""},"categories":[6],"tags":[66,67,836,903,837,515,555,556,572,904],"class_list":["post-2743","post","type-post","status-publish","format-standard","has-post-thumbnail","hentry","category-interes-general","tag-arroyito","tag-arroyito-cordoba","tag-arroyito-online","tag-generacion-malvinas-arroyito","tag-lafarina","tag-malvinas","tag-municipalidad","tag-municipalidad-de-arroyito","tag-noticias-de-arroyito-y-zona","tag-veterano-de-guerra"],"_links":{"self":[{"href":"https:\/\/arroyitoonline.com.ar\/index.php?rest_route=\/wp\/v2\/posts\/2743","targetHints":{"allow":["GET"]}}],"collection":[{"href":"https:\/\/arroyitoonline.com.ar\/index.php?rest_route=\/wp\/v2\/posts"}],"about":[{"href":"https:\/\/arroyitoonline.com.ar\/index.php?rest_route=\/wp\/v2\/types\/post"}],"author":[{"embeddable":true,"href":"https:\/\/arroyitoonline.com.ar\/index.php?rest_route=\/wp\/v2\/users\/3"}],"replies":[{"embeddable":true,"href":"https:\/\/arroyitoonline.com.ar\/index.php?rest_route=%2Fwp%2Fv2%2Fcomments&post=2743"}],"version-history":[{"count":3,"href":"https:\/\/arroyitoonline.com.ar\/index.php?rest_route=\/wp\/v2\/posts\/2743\/revisions"}],"predecessor-version":[{"id":2747,"href":"https:\/\/arroyitoonline.com.ar\/index.php?rest_route=\/wp\/v2\/posts\/2743\/revisions\/2747"}],"wp:featuredmedia":[{"embeddable":true,"href":"https:\/\/arroyitoonline.com.ar\/index.php?rest_route=\/wp\/v2\/media\/2744"}],"wp:attachment":[{"href":"https:\/\/arroyitoonline.com.ar\/index.php?rest_route=%2Fwp%2Fv2%2Fmedia&parent=2743"}],"wp:term":[{"taxonomy":"category","embeddable":true,"href":"https:\/\/arroyitoonline.com.ar\/index.php?rest_route=%2Fwp%2Fv2%2Fcategories&post=2743"},{"taxonomy":"post_tag","embeddable":true,"href":"https:\/\/arroyitoonline.com.ar\/index.php?rest_route=%2Fwp%2Fv2%2Ftags&post=2743"}],"curies":[{"name":"wp","href":"https:\/\/api.w.org\/{rel}","templated":true}]}}