{"id":2755,"date":"2019-03-12T14:02:38","date_gmt":"2019-03-12T14:02:38","guid":{"rendered":"http:\/\/arroyitoonline.com.ar\/?p=2755"},"modified":"2019-03-12T14:06:24","modified_gmt":"2019-03-12T14:06:24","slug":"policia-bomberos-y-gers-buscan-al-joven-eliseo-nahuel-aveldano","status":"publish","type":"post","link":"https:\/\/arroyitoonline.com.ar\/?p=2755","title":{"rendered":"Polic\u00eda, Bomberos y GERS buscan al joven Eliseo Nahuel Avelda\u00f1o"},"content":{"rendered":"\n<p><strong>Hace minutos iniciaron un rastrillaje desde\nel <em>\u201cpunto cero\u201d<\/em> \u2013sector de la f\u00e1brica\nDulcor-, seg\u00fan lo confirm\u00f3 el Crio. Insp. Pablo Berardo. <\/strong><\/p>\n\n\n\n<p>Ayer se conoci\u00f3 <a href=\"http:\/\/arroyitoonline.com.ar\/info-online\/policiales-online\/buscan-al-joven-eliseo-nahuel-aveldano\/\">la desaparici\u00f3n del joven Eliseo Nahuel Avelda\u00f1o (23)<\/a> y la intensa b\u00fasqueda de su familia, desde el s\u00e1bado pasado.<\/p>\n\n\n\n<p>Sin novedades hasta el momento, en las primeras horas de esta ma\u00f1ana, <em>\u201cdespu\u00e9s de haber esperado el tiempo que habitualmente se espera para estos casos y habiendo diligenciado cuestiones administrativas, en relaci\u00f3n a averiguaciones practicadas a todo movimiento que haya hecho este joven previo a desaparecer definitivamente <\/em>\u2013seg\u00fan lo inform\u00f3 el comisario inspector Pablo Berardo, en di\u00e1logo con FM Top 99.9-<em> es que decidimos convocar la presencia de Bomberos Voluntarios, del Grupo Especial de Rescate y Salvamento (GERS), de efectivos de la Comisar\u00eda y de la zona y vamos a arrancar desde punto cero <\/em>\u2013sector de la f\u00e1brica Dulcor-<em>, trazando distintos cuadrantes empezando la b\u00fasqueda, que se va a extender durante todo el d\u00eda, al efecto de poder encontrarlo\u201d<\/em>.<\/p>\n\n\n\n<ul class=\"wp-block-gallery columns-3 is-cropped wp-block-gallery-1 is-layout-flex wp-block-gallery-is-layout-flex\"><li class=\"blocks-gallery-item\"><figure><img loading=\"lazy\" decoding=\"async\" width=\"1024\" height=\"576\" src=\"http:\/\/arroyitoonline.com.ar\/wp-content\/uploads\/2019\/03\/b\u00fasqueda-joven-desaparecido4-1024x576.jpg\" alt=\"\" data-id=\"2757\" data-link=\"http:\/\/arroyitoonline.com.ar\/?attachment_id=2757\" class=\"wp-image-2757\" srcset=\"https:\/\/arroyitoonline.com.ar\/wp-content\/uploads\/2019\/03\/b\u00fasqueda-joven-desaparecido4-1024x576.jpg 1024w, https:\/\/arroyitoonline.com.ar\/wp-content\/uploads\/2019\/03\/b\u00fasqueda-joven-desaparecido4-300x169.jpg 300w, https:\/\/arroyitoonline.com.ar\/wp-content\/uploads\/2019\/03\/b\u00fasqueda-joven-desaparecido4-768x432.jpg 768w, https:\/\/arroyitoonline.com.ar\/wp-content\/uploads\/2019\/03\/b\u00fasqueda-joven-desaparecido4.jpg 2048w\" sizes=\"auto, (max-width: 1024px) 100vw, 1024px\" \/><figcaption><em>Bomberos Voluntarios de Arroyito se sumaron a la b\u00fasqueda.<\/em><\/figcaption><\/figure><\/li><li class=\"blocks-gallery-item\"><figure><img loading=\"lazy\" decoding=\"async\" width=\"1024\" height=\"576\" src=\"http:\/\/arroyitoonline.com.ar\/wp-content\/uploads\/2019\/03\/b\u00fasqueda-joven-desaparecido1-1024x576.jpg\" alt=\"\" data-id=\"2758\" data-link=\"http:\/\/arroyitoonline.com.ar\/?attachment_id=2758\" class=\"wp-image-2758\" srcset=\"https:\/\/arroyitoonline.com.ar\/wp-content\/uploads\/2019\/03\/b\u00fasqueda-joven-desaparecido1-1024x576.jpg 1024w, https:\/\/arroyitoonline.com.ar\/wp-content\/uploads\/2019\/03\/b\u00fasqueda-joven-desaparecido1-300x169.jpg 300w, https:\/\/arroyitoonline.com.ar\/wp-content\/uploads\/2019\/03\/b\u00fasqueda-joven-desaparecido1-768x432.jpg 768w, https:\/\/arroyitoonline.com.ar\/wp-content\/uploads\/2019\/03\/b\u00fasqueda-joven-desaparecido1.jpg 2048w\" sizes=\"auto, (max-width: 1024px) 100vw, 1024px\" \/><figcaption><em>La fiscal De Bernardi dialoga con la Polic\u00eda.<\/em><\/figcaption><\/figure><\/li><li class=\"blocks-gallery-item\"><figure><img loading=\"lazy\" decoding=\"async\" width=\"1024\" height=\"576\" src=\"http:\/\/arroyitoonline.com.ar\/wp-content\/uploads\/2019\/03\/b\u00fasqueda-joven-desaparecido2-1024x576.jpg\" alt=\"\" data-id=\"2759\" data-link=\"http:\/\/arroyitoonline.com.ar\/?attachment_id=2759\" class=\"wp-image-2759\" srcset=\"https:\/\/arroyitoonline.com.ar\/wp-content\/uploads\/2019\/03\/b\u00fasqueda-joven-desaparecido2-1024x576.jpg 1024w, https:\/\/arroyitoonline.com.ar\/wp-content\/uploads\/2019\/03\/b\u00fasqueda-joven-desaparecido2-300x169.jpg 300w, https:\/\/arroyitoonline.com.ar\/wp-content\/uploads\/2019\/03\/b\u00fasqueda-joven-desaparecido2-768x432.jpg 768w, https:\/\/arroyitoonline.com.ar\/wp-content\/uploads\/2019\/03\/b\u00fasqueda-joven-desaparecido2.jpg 2048w\" sizes=\"auto, (max-width: 1024px) 100vw, 1024px\" \/><figcaption><em>El GERS encabeza los rastrillajes.<\/em><\/figcaption><\/figure><\/li><li class=\"blocks-gallery-item\"><figure><img loading=\"lazy\" decoding=\"async\" width=\"1024\" height=\"576\" src=\"http:\/\/arroyitoonline.com.ar\/wp-content\/uploads\/2019\/03\/b\u00fasqueda-joven-desaparecido3-1-1024x576.jpg\" alt=\"\" data-id=\"2760\" data-link=\"http:\/\/arroyitoonline.com.ar\/?attachment_id=2760\" class=\"wp-image-2760\" srcset=\"https:\/\/arroyitoonline.com.ar\/wp-content\/uploads\/2019\/03\/b\u00fasqueda-joven-desaparecido3-1-1024x576.jpg 1024w, https:\/\/arroyitoonline.com.ar\/wp-content\/uploads\/2019\/03\/b\u00fasqueda-joven-desaparecido3-1-300x169.jpg 300w, https:\/\/arroyitoonline.com.ar\/wp-content\/uploads\/2019\/03\/b\u00fasqueda-joven-desaparecido3-1-768x432.jpg 768w, https:\/\/arroyitoonline.com.ar\/wp-content\/uploads\/2019\/03\/b\u00fasqueda-joven-desaparecido3-1.jpg 2048w\" sizes=\"auto, (max-width: 1024px) 100vw, 1024px\" \/><figcaption><em>La familia del joven esperando novedades.<\/em><\/figcaption><\/figure><\/li><li class=\"blocks-gallery-item\"><figure><img loading=\"lazy\" decoding=\"async\" width=\"1024\" height=\"576\" src=\"http:\/\/arroyitoonline.com.ar\/wp-content\/uploads\/2019\/03\/b\u00fasqueda-joven-desaparecido5-1024x576.jpg\" alt=\"\" data-id=\"2761\" data-link=\"http:\/\/arroyitoonline.com.ar\/?attachment_id=2761\" class=\"wp-image-2761\" srcset=\"https:\/\/arroyitoonline.com.ar\/wp-content\/uploads\/2019\/03\/b\u00fasqueda-joven-desaparecido5-1024x576.jpg 1024w, https:\/\/arroyitoonline.com.ar\/wp-content\/uploads\/2019\/03\/b\u00fasqueda-joven-desaparecido5-300x169.jpg 300w, https:\/\/arroyitoonline.com.ar\/wp-content\/uploads\/2019\/03\/b\u00fasqueda-joven-desaparecido5-768x432.jpg 768w, https:\/\/arroyitoonline.com.ar\/wp-content\/uploads\/2019\/03\/b\u00fasqueda-joven-desaparecido5.jpg 2048w\" sizes=\"auto, (max-width: 1024px) 100vw, 1024px\" \/><figcaption><em>La b\u00fasqueda parti\u00f3 desde la Base Operativa Sur.<\/em><\/figcaption><\/figure><\/li><\/ul>\n\n\n\n<p>Adem\u00e1s, el jefe de zona de la Polic\u00eda agreg\u00f3 que <em>\u201cHay informaci\u00f3n bastante delicada que est\u00e1 bajo secreto de sumario, esto que estamos haciendo no es porque pensemos que tenga un desenlace tr\u00e1gico o porque manejemos alguna hip\u00f3tesis, sino que es un protocolo de acci\u00f3n, para este tipo de procedimiento\u201d<\/em>, anticipando que <em>\u201cLa familia est\u00e1 presente y hemos estado siempre en contacto con ellos, hablamos con la mam\u00e1 y vamos a estar en permanente contacto con ellos brind\u00e1ndoles la contenci\u00f3n que necesiten e inform\u00e1ndoles paso a paso lo que vamos a hacer\u201d<\/em>. <\/p>\n","protected":false},"excerpt":{"rendered":"<p>Hace minutos iniciaron un rastrillaje desde el \u201cpunto cero\u201d \u2013sector de la f\u00e1brica Dulcor-, seg\u00fan lo confirm\u00f3 el Crio. Insp.&hellip;<\/p>\n","protected":false},"author":3,"featured_media":2756,"comment_status":"closed","ping_status":"open","sticky":false,"template":"","format":"standard","meta":{"footnotes":""},"categories":[824],"tags":[66,67,836,127,128,129,281,905,572,635,637,638,825],"class_list":["post-2755","post","type-post","status-publish","format-standard","has-post-thumbnail","hentry","category-policiales-online","tag-arroyito","tag-arroyito-cordoba","tag-arroyito-online","tag-bomberos-arroyito","tag-bomberos-de-arroyito","tag-bomberos-voluntarios","tag-desaparicion","tag-gers","tag-noticias-de-arroyito-y-zona","tag-policia","tag-policiales","tag-policiales-arroyito","tag-policiales-online"],"_links":{"self":[{"href":"https:\/\/arroyitoonline.com.ar\/index.php?rest_route=\/wp\/v2\/posts\/2755","targetHints":{"allow":["GET"]}}],"collection":[{"href":"https:\/\/arroyitoonline.com.ar\/index.php?rest_route=\/wp\/v2\/posts"}],"about":[{"href":"https:\/\/arroyitoonline.com.ar\/index.php?rest_route=\/wp\/v2\/types\/post"}],"author":[{"embeddable":true,"href":"https:\/\/arroyitoonline.com.ar\/index.php?rest_route=\/wp\/v2\/users\/3"}],"replies":[{"embeddable":true,"href":"https:\/\/arroyitoonline.com.ar\/index.php?rest_route=%2Fwp%2Fv2%2Fcomments&post=2755"}],"version-history":[{"count":1,"href":"https:\/\/arroyitoonline.com.ar\/index.php?rest_route=\/wp\/v2\/posts\/2755\/revisions"}],"predecessor-version":[{"id":2762,"href":"https:\/\/arroyitoonline.com.ar\/index.php?rest_route=\/wp\/v2\/posts\/2755\/revisions\/2762"}],"wp:featuredmedia":[{"embeddable":true,"href":"https:\/\/arroyitoonline.com.ar\/index.php?rest_route=\/wp\/v2\/media\/2756"}],"wp:attachment":[{"href":"https:\/\/arroyitoonline.com.ar\/index.php?rest_route=%2Fwp%2Fv2%2Fmedia&parent=2755"}],"wp:term":[{"taxonomy":"category","embeddable":true,"href":"https:\/\/arroyitoonline.com.ar\/index.php?rest_route=%2Fwp%2Fv2%2Fcategories&post=2755"},{"taxonomy":"post_tag","embeddable":true,"href":"https:\/\/arroyitoonline.com.ar\/index.php?rest_route=%2Fwp%2Fv2%2Ftags&post=2755"}],"curies":[{"name":"wp","href":"https:\/\/api.w.org\/{rel}","templated":true}]}}