{"id":2771,"date":"2019-03-13T02:39:15","date_gmt":"2019-03-13T02:39:15","guid":{"rendered":"http:\/\/arroyitoonline.com.ar\/?p=2771"},"modified":"2019-03-13T02:41:14","modified_gmt":"2019-03-13T02:41:14","slug":"llega-el-primer-foro-creativo-de-arroyito","status":"publish","type":"post","link":"https:\/\/arroyitoonline.com.ar\/?p=2771","title":{"rendered":"Llega el Primer Foro Creativo de Arroyito"},"content":{"rendered":"\n<p><strong>A trav\u00e9s del evento realizar\u00e1n un \u201cMapeo\u201d, que servir\u00e1 como base de\ndatos de todos los agentes culturales de nuestra ciudad.<\/strong><\/p>\n\n\n\n<p>Este s\u00e1bado 16 de marzo desde las\n9:00 horas, en el Teatrillo Jos\u00e9 Francisco Guarch, la Municipalidad realizar\u00e1\nel Primer Foro Creativo.<\/p>\n\n\n\n<p>Los asistentes al evento, podr\u00e1n\nopinar, compartir ideas, expresar distintos puntos de vista sobre la realidad cultural\nde Arroyito y adem\u00e1s registrarse en un censo, \u201ccon datos imprescindibles para\npoder trabajar m\u00e1s unidos y en red\u201d, remarcaron desde la organizaci\u00f3n.<\/p>\n\n\n\n<div class=\"wp-block-image\"><figure class=\"aligncenter\"><img loading=\"lazy\" decoding=\"async\" width=\"724\" height=\"1024\" src=\"http:\/\/arroyitoonline.com.ar\/wp-content\/uploads\/2019\/03\/ei-724x1024.jpg\" alt=\"\" class=\"wp-image-2775\" srcset=\"https:\/\/arroyitoonline.com.ar\/wp-content\/uploads\/2019\/03\/ei-724x1024.jpg 724w, https:\/\/arroyitoonline.com.ar\/wp-content\/uploads\/2019\/03\/ei-212x300.jpg 212w, https:\/\/arroyitoonline.com.ar\/wp-content\/uploads\/2019\/03\/ei-768x1087.jpg 768w, https:\/\/arroyitoonline.com.ar\/wp-content\/uploads\/2019\/03\/ei.jpg 800w\" sizes=\"auto, (max-width: 724px) 100vw, 724px\" \/><figcaption>La imagen con la que el Municipio invita al Foro. <\/figcaption><\/figure><\/div>\n\n\n\n<p>Est\u00e1n invitados agentes culturales\ncomo: Danza, M\u00fasica, Teatro, Artes Esc\u00e9nicas, Pl\u00e1sticas y Visuales, Artesan\u00edas,\nCine, Audiovisuales, Multimedia, Dise\u00f1o, Fotograf\u00eda, Literatura, Editorial,\nPublicidad, Gastronom\u00eda, Museo y Galer\u00edas y Turismo.<\/p>\n\n\n\n<p>A trav\u00e9s del Foro se realizar\u00e1 un \u201cMapeo\u201d, que servir\u00e1 como base de datos de todos los agentes culturales de nuestra ciudad.<\/p>\n\n\n\n<p>Fuente: Prensa Municipal. <\/p>\n","protected":false},"excerpt":{"rendered":"<p>A trav\u00e9s del evento realizar\u00e1n un \u201cMapeo\u201d, que servir\u00e1 como base de datos de todos los agentes culturales de nuestra&hellip;<\/p>\n","protected":false},"author":3,"featured_media":2772,"comment_status":"closed","ping_status":"open","sticky":false,"template":"","format":"standard","meta":{"footnotes":""},"categories":[2],"tags":[66,67,836,158,195,259,864,267,555,556,559,901,755,756],"class_list":["post-2771","post","type-post","status-publish","format-standard","has-post-thumbnail","hentry","category-cultura-y-espectaculos","tag-arroyito","tag-arroyito-cordoba","tag-arroyito-online","tag-casa-de-la-cultura","tag-cine","tag-cultura","tag-cultura-y-espectaculos-online","tag-danza","tag-municipalidad","tag-municipalidad-de-arroyito","tag-musica","tag-primer-foro-creativo","tag-teatrillo","tag-teatro"],"_links":{"self":[{"href":"https:\/\/arroyitoonline.com.ar\/index.php?rest_route=\/wp\/v2\/posts\/2771","targetHints":{"allow":["GET"]}}],"collection":[{"href":"https:\/\/arroyitoonline.com.ar\/index.php?rest_route=\/wp\/v2\/posts"}],"about":[{"href":"https:\/\/arroyitoonline.com.ar\/index.php?rest_route=\/wp\/v2\/types\/post"}],"author":[{"embeddable":true,"href":"https:\/\/arroyitoonline.com.ar\/index.php?rest_route=\/wp\/v2\/users\/3"}],"replies":[{"embeddable":true,"href":"https:\/\/arroyitoonline.com.ar\/index.php?rest_route=%2Fwp%2Fv2%2Fcomments&post=2771"}],"version-history":[{"count":2,"href":"https:\/\/arroyitoonline.com.ar\/index.php?rest_route=\/wp\/v2\/posts\/2771\/revisions"}],"predecessor-version":[{"id":2776,"href":"https:\/\/arroyitoonline.com.ar\/index.php?rest_route=\/wp\/v2\/posts\/2771\/revisions\/2776"}],"wp:featuredmedia":[{"embeddable":true,"href":"https:\/\/arroyitoonline.com.ar\/index.php?rest_route=\/wp\/v2\/media\/2772"}],"wp:attachment":[{"href":"https:\/\/arroyitoonline.com.ar\/index.php?rest_route=%2Fwp%2Fv2%2Fmedia&parent=2771"}],"wp:term":[{"taxonomy":"category","embeddable":true,"href":"https:\/\/arroyitoonline.com.ar\/index.php?rest_route=%2Fwp%2Fv2%2Fcategories&post=2771"},{"taxonomy":"post_tag","embeddable":true,"href":"https:\/\/arroyitoonline.com.ar\/index.php?rest_route=%2Fwp%2Fv2%2Ftags&post=2771"}],"curies":[{"name":"wp","href":"https:\/\/api.w.org\/{rel}","templated":true}]}}