{"id":2797,"date":"2019-03-14T18:58:18","date_gmt":"2019-03-14T18:58:18","guid":{"rendered":"http:\/\/arroyitoonline.com.ar\/?p=2797"},"modified":"2019-03-14T19:01:13","modified_gmt":"2019-03-14T19:01:13","slug":"berardo-confirmo-que-eliseo-aveldano-murio-por-asfixia","status":"publish","type":"post","link":"https:\/\/arroyitoonline.com.ar\/?p=2797","title":{"rendered":"Berardo confirm\u00f3 que Eliseo Avelda\u00f1o muri\u00f3 por asfixia"},"content":{"rendered":"\n<p><strong>El comisario inspector explic\u00f3 adem\u00e1s, que el joven de 23 a\u00f1os tom\u00f3 la\ndecisi\u00f3n de quitarse la vida, y que no hay indicios que contradigan esa informaci\u00f3n.\n<\/strong><\/p>\n\n\n\n<p>En una nota realizada por <strong>Canal 3<\/strong>, el jefe de Zona de la Polic\u00eda,\ncomisario inspector Pablo Berardo, &nbsp;confirm\u00f3\nque Eliseo Nahuel Avelda\u00f1o, cuyo cuerpo fue encontrado anteayer en la zona de\nlos nuevos quinchos municipales de la costanera, muri\u00f3 <em>\u201dpor asfixia y la determinaci\u00f3n la tom\u00f3 \u00e9l\u201d<\/em>. Recordemos que su\nfamilia lo buscaba desde el s\u00e1bado, \u00faltimo d\u00eda en que hab\u00eda sido visto. <\/p>\n\n\n\n<p>Por su parte, cuando <a href=\"http:\/\/arroyitoonline.com.ar\/info-online\/policiales-online\/policia-bomberos-y-gers-buscan-al-joven-eliseo-nahuel-aveldano\/\">iniciaron la b\u00fasqueda el lunes por la ma\u00f1ana<\/a>, los uniformados, Bomberos y el Grupo de Rescate y Salvamento (GERS), eran optimistas y consideraban que pod\u00edan encontrar al joven con vida, ya que contaban con el testimonio de una mujer que dijo haber visto alguien con similares caracter\u00edsticas en inmediaciones de la f\u00e1brica Dulcor. Como solo manejaban esa informaci\u00f3n, comenzaron el rastrillaje en esa zona y siguieron detr\u00e1s del Ipetaym \u2013cerca del domicilio de Avelda\u00f1o-. <\/p>\n\n\n\n<p>M\u00e1s tarde <em>\u201crecibimos una llamada telef\u00f3nica de parte de un civil, el cual nos\nanoticiaba de que hab\u00eda tomado contacto con la pareja del joven fallecido, la\ncual dijo estar buscando por ese sector \u2013Av. Per\u00f3n entre San Martin y\nRivadavia- y lo encontr\u00f3 a la una de la tarde. Un familiar de \u00e9l nos da aviso\nde que lo habr\u00edan encontrado. C\u00f3mo lleg\u00f3 al lugar es materia de investigaci\u00f3n.\nLa Fiscal\u00eda investigar\u00e1 si ha sido una casualidad o si ha habido alg\u00fan tipo de\ninformaci\u00f3n fehaciente que a esta joven le haya llegado y pudo dar con el\ncuerpo de su pareja\u201d<\/em>, ampli\u00f3 Berardo. <\/p>\n\n\n\n<p>Una vez confirmado el hallazgo, se\nle dio participaci\u00f3n a Fiscal\u00eda de Instrucci\u00f3n. En el lugar se hizo presente\nGraciela Debernardi y orden\u00f3 la presencia de Polic\u00eda Judicial, que arrib\u00f3\npasadas las 16:30 horas. El gabinete realiz\u00f3 los relevamientos en la zona, el\nmovimiento del cuerpo y su traslado a la Morgue de la ciudad de C\u00f3rdoba, para que\nse practicara la autopsia que determinara la causa de la muerte. <\/p>\n\n\n\n<p><em>\u201cNo hay ning\u00fan indicio que pudi\u00e9ramos haber advertido en el lugar de\nque no haya sido una decisi\u00f3n de \u00e9l de quitarse la vida. No hay signos de\nviolencia, no estaba golpeado, por lo poco que pudimos ver. Con el informe ya final\nde la autopsia se determinar\u00e1 la causa de la muerte llev\u00e1ndoles tranquilidad a\nlos familiares que estar\u00e1n esperando ese resultado. No tengo acceso a los\nresultados preliminares de la autopsia, pero la muerte fue por asfixia y la determinaci\u00f3n\nla tom\u00f3 \u00e9l\u201d<\/em>, cerr\u00f3 el comisario inspector. <\/p>\n\n\n\n<p><em>Los mensajes de la familia<\/em><\/p>\n\n\n\n<p>Por su parte, una vez pasadas las\nprimeras horas del triste desenlace, miembros de la familia del joven se\nexpresaron en las redes sociales. El hermano, Marcos, comenz\u00f3 su publicaci\u00f3n\nagradeci\u00e9ndole a la Polic\u00eda, los Bomberos, el GERS y a cada una de las personas\nque colaboraron con la b\u00fasqueda. Adem\u00e1s, explic\u00f3 que <em>\u201cMe gustar\u00eda que se tome conciencia, y esas personas que tienen un\nproblema, se sienten muy mal por dentro, vienen guardando ese mal por mucho\ntiempo y tienen verg\u00fcenza o miedo de cont\u00e1rselo a alguien, que no sea as\u00ed, que\nse animen a hablarlo. Hay much\u00edsima gente dispuesta a ayudar\u201d<\/em>. Tambi\u00e9n la hermana\nde Eliseo, Ail\u00e9n, pidi\u00f3 en Facebook que <em>\u201cPregunten\ntodo el tiempo como est\u00e1 el otro. Aprendimos mucho y nos unimos m\u00e1s todav\u00eda.\nExisten estas cosas que nunca se van a entender. Tomen conciencia y ayudemos a\nlos dem\u00e1s\u201d<\/em>. <\/p>\n\n\n\n<p>Fuente: Canal 3.<\/p>\n\n\n\n<p><strong>PREVENCI\u00d3N<\/strong><\/p>\n\n\n\n<p>Entre los signos de alarma de una\ncrisis suicida se encuentran los siguientes: llanto inconsolable, tendencia al\naislamiento, las amenazas suicidas, deseos de morir, desesperanza, s\u00fabitos\ncambios de conducta, afectos y h\u00e1bitos, aislamiento, conductas inusuales,\nconsumo excesivo de alcohol o drogas, realizar notas de despedidas, etc.<\/p>\n\n\n\n<p>Los que siguen se consideran\ngrupos de riesgo suicida:<\/p>\n\n\n\n<p>-Las personas que est\u00e1n\natravesando un proceso depresivo.<\/p>\n\n\n\n<p>-Los que tienen ideas suicidas o\namenazan con el suicidio.<\/p>\n\n\n\n<p>-Los sujetos que hayan realizado\nun intento suicida.<\/p>\n\n\n\n<p>-Los sujetos en situaciones de\ncrisis.<\/p>\n\n\n\n<p>-Los sobrevivientes o familiares\ndel suicida.<\/p>\n\n\n\n<p>Qu\u00e9 debemos hacer en caso de\ndetectar un sujeto con riesgo de suicidio:<\/p>\n\n\n\n<p>-Preguntar siempre a esa persona\nen situaci\u00f3n de riesgo si ha pensado en el suicidio.<\/p>\n\n\n\n<p>-Si la respuesta es afirmativa,\nevitar el acceso a cualquier m\u00e9todo que pueda da\u00f1arlo. Nunca dejarlo a solas\nmientras persistan las ideas suicidas.<\/p>\n\n\n\n<p>-Avisar a otras personas\nsignificativas para el sujeto que contribuyan a evitar la ocurrencia de un acto\nsuicida.<\/p>\n\n\n\n<p>-Acercarlo a las fuentes de salud a recibir atenci\u00f3n especializada.<\/p>\n\n\n\n<p>Ante cualquier duda o consulta, comunicarse con el Centro de Asistencia al Suicida C\u00f3rdoba: l\u00ednea gratuita 135 \u00f3 0351-4265755.<\/p>\n\n\n\n<p>Fuente: Ministerio de Salud de la Naci\u00f3n. <\/p>\n","protected":false},"excerpt":{"rendered":"<p>El comisario inspector explic\u00f3 adem\u00e1s, que el joven de 23 a\u00f1os tom\u00f3 la decisi\u00f3n de quitarse la vida, y que&hellip;<\/p>\n","protected":false},"author":3,"featured_media":2764,"comment_status":"closed","ping_status":"open","sticky":false,"template":"","format":"standard","meta":{"footnotes":""},"categories":[824],"tags":[66,67,836,127,128,129,905,471,548,572,635,637,638,825,854],"class_list":["post-2797","post","type-post","status-publish","format-standard","has-post-thumbnail","hentry","category-policiales-online","tag-arroyito","tag-arroyito-cordoba","tag-arroyito-online","tag-bomberos-arroyito","tag-bomberos-de-arroyito","tag-bomberos-voluntarios","tag-gers","tag-jovenes","tag-muerte","tag-noticias-de-arroyito-y-zona","tag-policia","tag-policiales","tag-policiales-arroyito","tag-policiales-online","tag-suicidio"],"_links":{"self":[{"href":"https:\/\/arroyitoonline.com.ar\/index.php?rest_route=\/wp\/v2\/posts\/2797","targetHints":{"allow":["GET"]}}],"collection":[{"href":"https:\/\/arroyitoonline.com.ar\/index.php?rest_route=\/wp\/v2\/posts"}],"about":[{"href":"https:\/\/arroyitoonline.com.ar\/index.php?rest_route=\/wp\/v2\/types\/post"}],"author":[{"embeddable":true,"href":"https:\/\/arroyitoonline.com.ar\/index.php?rest_route=\/wp\/v2\/users\/3"}],"replies":[{"embeddable":true,"href":"https:\/\/arroyitoonline.com.ar\/index.php?rest_route=%2Fwp%2Fv2%2Fcomments&post=2797"}],"version-history":[{"count":2,"href":"https:\/\/arroyitoonline.com.ar\/index.php?rest_route=\/wp\/v2\/posts\/2797\/revisions"}],"predecessor-version":[{"id":2799,"href":"https:\/\/arroyitoonline.com.ar\/index.php?rest_route=\/wp\/v2\/posts\/2797\/revisions\/2799"}],"wp:featuredmedia":[{"embeddable":true,"href":"https:\/\/arroyitoonline.com.ar\/index.php?rest_route=\/wp\/v2\/media\/2764"}],"wp:attachment":[{"href":"https:\/\/arroyitoonline.com.ar\/index.php?rest_route=%2Fwp%2Fv2%2Fmedia&parent=2797"}],"wp:term":[{"taxonomy":"category","embeddable":true,"href":"https:\/\/arroyitoonline.com.ar\/index.php?rest_route=%2Fwp%2Fv2%2Fcategories&post=2797"},{"taxonomy":"post_tag","embeddable":true,"href":"https:\/\/arroyitoonline.com.ar\/index.php?rest_route=%2Fwp%2Fv2%2Ftags&post=2797"}],"curies":[{"name":"wp","href":"https:\/\/api.w.org\/{rel}","templated":true}]}}