{"id":2817,"date":"2019-03-15T14:15:58","date_gmt":"2019-03-15T14:15:58","guid":{"rendered":"http:\/\/arroyitoonline.com.ar\/?p=2817"},"modified":"2019-03-16T00:49:26","modified_gmt":"2019-03-16T00:49:26","slug":"lafarina-yo-hablo-con-las-obras","status":"publish","type":"post","link":"https:\/\/arroyitoonline.com.ar\/?p=2817","title":{"rendered":"Lafarina: \u201cyo hablo con las obras\u201d"},"content":{"rendered":"\n<p><strong>Ante la negativa de algunos concejales para que, en su car\u00e1cter de secretario de Obras P\u00fablicas, el ingeniero argumentara las cuestiones t\u00e9cnicas de dos proyectos, el funcionario lanz\u00f3 esta declaraci\u00f3n. <\/strong><\/p>\n\n\n\n<p>Anoche, en una caldeada primera sesi\u00f3n ordinaria del Concejo\nDeliberante per\u00edodo 2019, estuvo presente el secretario municipal de Obras\nP\u00fablicas Daniel Lafarina.<\/p>\n\n\n\n<p>Su asistencia se debi\u00f3 al ingreso de los proyectos de\nordenanzas: <em>\u201cLlamado a Licitaci\u00f3n P\u00fablica N\u00b0 01\/2.019 para contratar la ejecuci\u00f3n de\nla obra: desag\u00fces pluviales. Obras de Primera Etapa Desag\u00fces por calle Rafael Bianchi.\nTramo desde costa R\u00edo Xanaes hasta calle Ricardo Boetto\u201d<\/em> y <em>\u201cLLamado a Licitaci\u00f3n\nP\u00fablica N\u00b0 02\/2019 para la provisi\u00f3n de ca\u00f1os para la Obra de Primera Etapa:\ndesag\u00fce pluvial por calle Rafael Bianchi\u201d<\/em>, ambos\npresentados por el Departamento Ejecutivo Municipal. <\/p>\n\n\n\n<p>Esta ejecuci\u00f3n, que prev\u00e9 una\nerogaci\u00f3n cercana a los $10 millones para el Municipio, se extender\u00e1 por 235\nmetros y su plazo de concreci\u00f3n alcanzar\u00eda los 180 d\u00edas, iniciando en mayo y\nfinalizando cuando comienza la \u00e9poca de lluvias. <\/p>\n\n\n\n\n\n<p>En este sentido, Lafarina consider\u00f3 que lo importante fue que ambos proyectos terminaron aprob\u00e1ndose por unanimidad <em>\u201cpara que los tiempos administrativos y legales lleguen antes que los tiempos clim\u00e1ticos y los de la gente\u201d<\/em>. De todas maneras, el funcionario no pudo justificar cuestiones t\u00e9cnicas de la obra, ya que algunos ediles no quisieron cederle la palabra, tales los casos de Wilson Genesio y Gustavo Benedetti.<\/p>\n\n\n\n<p>En su af\u00e1n de explicar lo que hab\u00eda ido a decir, Daniel lanz\u00f3 por lo bajo <em>\u201cyo hablo con las obras\u201d<\/em>. Luego, al ser consultado por <strong>Arroyito Online<\/strong> <em>(en el video, a partir del momento 1:29:32)<\/em> dijo que <em>\u201cMe nombraron 12 veces y, cuando quer\u00eda hablar, no me dejaban hablar, uno por ah\u00ed en la efervescencia de la primera sesi\u00f3n, argumenta por lo bajo\u201d<\/em>. <\/p>\n\n\n\n<p>Ya sobre este desag\u00fce, cuya ejecuci\u00f3n se autoriz\u00f3 anoche, el ingeniero esclareci\u00f3 que <em>\u201cEs una obra piloto, muy compleja, en una zona densamente urbanizada. Se va a excavar sobre arena, por lo que es muy importante que, para el normal desenvolvimiento de la obra, la napa fre\u00e1tica est\u00e9 por debajo del fondo de la excavaci\u00f3n, de lo contrario hay peligro de derrumbe, incluso para las casas. Por eso licitamos hasta Ricardo Boetto. T\u00e9cnica y constructivamente, es la obra m\u00e1s compleja de todas\u201d<\/em>.<\/p>\n\n\n\n<p>Su explicaci\u00f3n vino a cuenta del pedido del Vecinalismo Independiente de que el conducto se contin\u00fae hasta Av. Marcial Vaudagna, solicitud denegada por el Oficialismo.<\/p>\n\n\n\n<p>Sobre la continuidad de su campa\u00f1a como precandidato a intendente craverista, Lafarina argument\u00f3 que pretende juntarse <em>\u201ccon todos los arroyitenses, para contarles qui\u00e9n es Daniel Lafarina. Todo el tiempo que tenga disponible, independientemente de mi tarea como funcionario, la aprovecho para caminar las calles y juntarme con gente. Lo que me llevo es totalmente positivo\u201d,<\/em>y deneg\u00f3 un acercamiento con Benedetti. <\/p>\n\n\n\n<p>Imagen captura video Arroyito Online.<\/p>\n","protected":false},"excerpt":{"rendered":"<p>Ante la negativa de algunos concejales para que, en su car\u00e1cter de secretario de Obras P\u00fablicas, el ingeniero argumentara las&hellip;<\/p>\n","protected":false},"author":3,"featured_media":2818,"comment_status":"closed","ping_status":"open","sticky":false,"template":"","format":"standard","meta":{"footnotes":""},"categories":[8],"tags":[66,67,836,891,227,280,837,555,556,577,578,634,640],"class_list":["post-2817","post","type-post","status-publish","format-standard","has-post-thumbnail","hentry","category-politica","tag-arroyito","tag-arroyito-cordoba","tag-arroyito-online","tag-concejales","tag-concejo-deliberante","tag-desagues","tag-lafarina","tag-municipalidad","tag-municipalidad-de-arroyito","tag-obras-hidricas","tag-obras-publicas","tag-polemica","tag-politica"],"_links":{"self":[{"href":"https:\/\/arroyitoonline.com.ar\/index.php?rest_route=\/wp\/v2\/posts\/2817","targetHints":{"allow":["GET"]}}],"collection":[{"href":"https:\/\/arroyitoonline.com.ar\/index.php?rest_route=\/wp\/v2\/posts"}],"about":[{"href":"https:\/\/arroyitoonline.com.ar\/index.php?rest_route=\/wp\/v2\/types\/post"}],"author":[{"embeddable":true,"href":"https:\/\/arroyitoonline.com.ar\/index.php?rest_route=\/wp\/v2\/users\/3"}],"replies":[{"embeddable":true,"href":"https:\/\/arroyitoonline.com.ar\/index.php?rest_route=%2Fwp%2Fv2%2Fcomments&post=2817"}],"version-history":[{"count":3,"href":"https:\/\/arroyitoonline.com.ar\/index.php?rest_route=\/wp\/v2\/posts\/2817\/revisions"}],"predecessor-version":[{"id":2836,"href":"https:\/\/arroyitoonline.com.ar\/index.php?rest_route=\/wp\/v2\/posts\/2817\/revisions\/2836"}],"wp:featuredmedia":[{"embeddable":true,"href":"https:\/\/arroyitoonline.com.ar\/index.php?rest_route=\/wp\/v2\/media\/2818"}],"wp:attachment":[{"href":"https:\/\/arroyitoonline.com.ar\/index.php?rest_route=%2Fwp%2Fv2%2Fmedia&parent=2817"}],"wp:term":[{"taxonomy":"category","embeddable":true,"href":"https:\/\/arroyitoonline.com.ar\/index.php?rest_route=%2Fwp%2Fv2%2Fcategories&post=2817"},{"taxonomy":"post_tag","embeddable":true,"href":"https:\/\/arroyitoonline.com.ar\/index.php?rest_route=%2Fwp%2Fv2%2Ftags&post=2817"}],"curies":[{"name":"wp","href":"https:\/\/api.w.org\/{rel}","templated":true}]}}