{"id":2857,"date":"2019-03-16T08:45:18","date_gmt":"2019-03-16T08:45:18","guid":{"rendered":"http:\/\/arroyitoonline.com.ar\/?p=2857"},"modified":"2019-03-17T20:45:30","modified_gmt":"2019-03-17T20:45:30","slug":"el-municipio-incorporo-46-agentes-a-la-planta-permanente","status":"publish","type":"post","link":"https:\/\/arroyitoonline.com.ar\/?p=2857","title":{"rendered":"El Municipio incorpor\u00f3 46 agentes a la Planta Permanente"},"content":{"rendered":"\n<p><strong>Por primera vez en la historia, el municipio realiz\u00f3\nlas incorporaciones a trav\u00e9s de un proceso que incluy\u00f3 Concurso Interno y\nentrevistas personales. <\/strong><\/p>\n\n\n\n<p>El jueves 14, en las instalaciones del flamante\nAuditorio Coral, el intendente Mauricio Cravero junto a su equipo de trabajo hizo\nentrega de los Decretos de nombramientos de los empleados que ingresaron a\nPlanta Permanente.<\/p>\n\n\n\n<p><em>\u201cUna vez m\u00e1s Arroyito\nsigue dando el ejemplo. Hoy es la primera vez en la historia del Municipio que\nun intendente nombra a empleados de Planta Permanente, a trav\u00e9s de&nbsp; un\nproceso de Concurso Interno y entrevistas personales, tal como lo estable el Estatuto\ndel Empleado Municipal\u201d<\/em>,\nse\u00f1alaron desde el entorno del mandatario, e indicaron que el primer mandatario\nlocal \u201cprioriz\u00f3 la norma antes que sus compromisos personales o colores\npol\u00edticos. Esto habla de un crecimiento en la manera de gobernar y administrar\neste Municipio\u201d. <\/p>\n\n\n\n<p>En este sentido, cabe recordar que desde la sanci\u00f3n del Decreto 631-a\/18 firmado por Cravero se constituy\u00f3 la Junta Examinadora conformada por Jos\u00e9 Vicente P\u00e9rez, Carlos Walter Juncos, la directora del CANF Beatriz del Carmen Bassano, la directora del Hospital Municipal M\u00f3nica Ana Mar\u00eda Rodr\u00edguez, el secretario General del Soema Diego Fabi\u00e1n Dom\u00ednguez\u00a0 y la Asesora Letrada, Mar\u00eda Juliana Mendoza.<\/p>\n\n\n\n<p>Las 46 incorporaciones a Planta Permanente son:<\/p>\n\n\n\n<p><strong>Personal administrativo:<\/strong>&nbsp;Adriana Gonz\u00e1lez, Daniela\nJu\u00e1rez, Sandro Baldassari, Federico Pereyra y Nicol\u00e1s Moreno.<\/p>\n\n\n\n<p><strong>Personal administrativo de ejecuci\u00f3n:&nbsp;<\/strong>Irene San Vicente, Adri\u00e1n\nMaidana, Leticia Badino, Nancy Ortiz, Ver\u00f3nica Contreras, Ivana Barrale, Paula\nViotto, Karina Romero, H\u00e9ctor Orellano y Paola Uriarte.<\/p>\n\n\n\n<p><strong>Personal t\u00e9cnico de ejecuci\u00f3n:<\/strong>&nbsp;Mario Baiz, Fortunato\nGallardo, Norvel Moreyra, Idelso Villosio, Juan Ademar Campos, Bruno Aguirre,\nDavid Rugieri, Marcelo Capuano, Franco Frontera, Gabriel Garay, Marcelo\nV\u00e1zquez, Jorge Luis Ardiles, Rodolfo Muro y Diego Ju\u00e1rez.<\/p>\n\n\n\n<p><strong>Personal profesional mayor:<\/strong>&nbsp;Dr. Jos\u00e9 Periotti.<\/p>\n\n\n\n<p><strong>Profesional asistente:&nbsp;<\/strong>Cindy Ort\u00edz y Sonia Jensen.<\/p>\n\n\n\n<p><strong>Personal de sanidad t\u00e9cnico auxiliar:<\/strong>&nbsp;Nancy Cabrera, Viviana\nGigenas, Mar\u00eda Cristina Herrera, Mar\u00eda del Carmen Bustamante, Silvina Quinteros\ny Gabriela Pacheco.<\/p>\n\n\n\n<p><strong>Personal de inspecci\u00f3n de control\u2013inspectores:<\/strong>\u00a0Carmen Su\u00e1rez, Dardo G\u00f3ndolo y Mario Bustos.<strong>Personal Docente:\u00a0<\/strong>Adriana Samp\u00f3, Vanesa Antonelli, Viviana Pedernera, Cintia Bartellone y Edith Borletto.<\/p>\n\n\n\n<p>Fuente: Prensa Municipal. <\/p>\n","protected":false},"excerpt":{"rendered":"<p>Por primera vez en la historia, el municipio realiz\u00f3 las incorporaciones a trav\u00e9s de un proceso que incluy\u00f3 Concurso Interno&hellip;<\/p>\n","protected":false},"author":3,"featured_media":2858,"comment_status":"closed","ping_status":"open","sticky":false,"template":"","format":"standard","meta":{"footnotes":""},"categories":[829],"tags":[66,67,836,253,911,454,527,868,555,556],"class_list":["post-2857","post","type-post","status-publish","format-standard","has-post-thumbnail","hentry","category-municipales-online","tag-arroyito","tag-arroyito-cordoba","tag-arroyito-online","tag-cravero","tag-empleados-municipales","tag-intendente","tag-mauricio-cravero","tag-municipales-online","tag-municipalidad","tag-municipalidad-de-arroyito"],"_links":{"self":[{"href":"https:\/\/arroyitoonline.com.ar\/index.php?rest_route=\/wp\/v2\/posts\/2857","targetHints":{"allow":["GET"]}}],"collection":[{"href":"https:\/\/arroyitoonline.com.ar\/index.php?rest_route=\/wp\/v2\/posts"}],"about":[{"href":"https:\/\/arroyitoonline.com.ar\/index.php?rest_route=\/wp\/v2\/types\/post"}],"author":[{"embeddable":true,"href":"https:\/\/arroyitoonline.com.ar\/index.php?rest_route=\/wp\/v2\/users\/3"}],"replies":[{"embeddable":true,"href":"https:\/\/arroyitoonline.com.ar\/index.php?rest_route=%2Fwp%2Fv2%2Fcomments&post=2857"}],"version-history":[{"count":1,"href":"https:\/\/arroyitoonline.com.ar\/index.php?rest_route=\/wp\/v2\/posts\/2857\/revisions"}],"predecessor-version":[{"id":2859,"href":"https:\/\/arroyitoonline.com.ar\/index.php?rest_route=\/wp\/v2\/posts\/2857\/revisions\/2859"}],"wp:featuredmedia":[{"embeddable":true,"href":"https:\/\/arroyitoonline.com.ar\/index.php?rest_route=\/wp\/v2\/media\/2858"}],"wp:attachment":[{"href":"https:\/\/arroyitoonline.com.ar\/index.php?rest_route=%2Fwp%2Fv2%2Fmedia&parent=2857"}],"wp:term":[{"taxonomy":"category","embeddable":true,"href":"https:\/\/arroyitoonline.com.ar\/index.php?rest_route=%2Fwp%2Fv2%2Fcategories&post=2857"},{"taxonomy":"post_tag","embeddable":true,"href":"https:\/\/arroyitoonline.com.ar\/index.php?rest_route=%2Fwp%2Fv2%2Ftags&post=2857"}],"curies":[{"name":"wp","href":"https:\/\/api.w.org\/{rel}","templated":true}]}}