{"id":2870,"date":"2019-03-17T23:14:14","date_gmt":"2019-03-17T23:14:14","guid":{"rendered":"http:\/\/arroyitoonline.com.ar\/?p=2870"},"modified":"2019-03-18T03:24:23","modified_gmt":"2019-03-18T03:24:23","slug":"no-se-salva-ni-dios-robaron-en-la-parroquia-ntra-sra-de-la-merced","status":"publish","type":"post","link":"https:\/\/arroyitoonline.com.ar\/?p=2870","title":{"rendered":"No se salva ni Dios: robaron en la Parroquia Ntra. Sra. de la Merced"},"content":{"rendered":"\n<p><strong>El cura p\u00e1rroco hizo la\ndenuncia luego de percatarse del faltante. El sacerdote no encontr\u00f3 signos de\nviolencia en el lugar.<\/strong><\/p>\n\n\n\n<p>Ayer a las 22:20 horas, el cura p\u00e1rroco de la\nParroquia Nuestra Se\u00f1ora de la Merced, presb\u00edtero Gabriel Camusso, dio aviso a\nla Polic\u00eda de que se hab\u00eda producido un hurto en la iglesia. <\/p>\n\n\n\n<p>En este sentido, el sacerdote se percat\u00f3 del faltante de dos micr\u00f3fonos port\u00e1tiles color negro \u2013ambos marca Mini PRO- y un pendrive \u2013del que no recuerda marca ni color y que ser\u00eda de 8 GB de almacenamiento-, en la Sacrist\u00eda.<\/p>\n\n\n\n<p>Adem\u00e1s, el religioso le manifest\u00f3 a los uniformados\nque no observ\u00f3 nada violentado. A continuaci\u00f3n se hizo presente personal de Investigaciones\nentregando el procedimiento en la Unidad Judicial, con conocimiento de la\nFiscal\u00eda de Instrucci\u00f3n local. <\/p>\n\n\n\n<p>Fuente: informe del comisario Clever Salguero.<\/p>\n\n\n\n<p>de que no recuerda marca ni color y que ser\u00eda de 8 GB de almacenamiento, en la Sacrist\u00eda.<\/p>\n\n\n\n<p>Adem\u00e1s, el religioso le manifest\u00f3 a los uniformados\nque no observ\u00f3 nada violentado. A continuaci\u00f3n se hizo presente personal de Investigaciones\nentregando el procedimiento en la Unidad Judicial, con conocimiento de la\nFiscal\u00eda de Instrucci\u00f3n local. <\/p>\n\n\n\n<p>Fuente: informe del comisario Clever Salguero.<\/p>\n\n\n\n<p>Foto de archivo.<\/p>\n","protected":false},"excerpt":{"rendered":"<p>El cura p\u00e1rroco hizo la denuncia luego de percatarse del faltante. El sacerdote no encontr\u00f3 signos de violencia en el&hellip;<\/p>\n","protected":false},"author":3,"featured_media":2871,"comment_status":"closed","ping_status":"open","sticky":false,"template":"","format":"standard","meta":{"footnotes":""},"categories":[824],"tags":[66,67,836,261,430,431,432,572,635,637,638,825,693],"class_list":["post-2870","post","type-post","status-publish","format-standard","has-post-thumbnail","hentry","category-policiales-online","tag-arroyito","tag-arroyito-cordoba","tag-arroyito-online","tag-cura","tag-hurto","tag-iglesia","tag-iglesia-catolica","tag-noticias-de-arroyito-y-zona","tag-policia","tag-policiales","tag-policiales-arroyito","tag-policiales-online","tag-robo"],"_links":{"self":[{"href":"https:\/\/arroyitoonline.com.ar\/index.php?rest_route=\/wp\/v2\/posts\/2870","targetHints":{"allow":["GET"]}}],"collection":[{"href":"https:\/\/arroyitoonline.com.ar\/index.php?rest_route=\/wp\/v2\/posts"}],"about":[{"href":"https:\/\/arroyitoonline.com.ar\/index.php?rest_route=\/wp\/v2\/types\/post"}],"author":[{"embeddable":true,"href":"https:\/\/arroyitoonline.com.ar\/index.php?rest_route=\/wp\/v2\/users\/3"}],"replies":[{"embeddable":true,"href":"https:\/\/arroyitoonline.com.ar\/index.php?rest_route=%2Fwp%2Fv2%2Fcomments&post=2870"}],"version-history":[{"count":2,"href":"https:\/\/arroyitoonline.com.ar\/index.php?rest_route=\/wp\/v2\/posts\/2870\/revisions"}],"predecessor-version":[{"id":2874,"href":"https:\/\/arroyitoonline.com.ar\/index.php?rest_route=\/wp\/v2\/posts\/2870\/revisions\/2874"}],"wp:featuredmedia":[{"embeddable":true,"href":"https:\/\/arroyitoonline.com.ar\/index.php?rest_route=\/wp\/v2\/media\/2871"}],"wp:attachment":[{"href":"https:\/\/arroyitoonline.com.ar\/index.php?rest_route=%2Fwp%2Fv2%2Fmedia&parent=2870"}],"wp:term":[{"taxonomy":"category","embeddable":true,"href":"https:\/\/arroyitoonline.com.ar\/index.php?rest_route=%2Fwp%2Fv2%2Fcategories&post=2870"},{"taxonomy":"post_tag","embeddable":true,"href":"https:\/\/arroyitoonline.com.ar\/index.php?rest_route=%2Fwp%2Fv2%2Ftags&post=2870"}],"curies":[{"name":"wp","href":"https:\/\/api.w.org\/{rel}","templated":true}]}}