{"id":2875,"date":"2019-03-17T18:40:33","date_gmt":"2019-03-17T18:40:33","guid":{"rendered":"http:\/\/arroyitoonline.com.ar\/?p=2875"},"modified":"2019-03-18T03:42:05","modified_gmt":"2019-03-18T03:42:05","slug":"andaban-en-un-auto-robado-y-fueron-detenidos","status":"publish","type":"post","link":"https:\/\/arroyitoonline.com.ar\/?p=2875","title":{"rendered":"Andaban en un auto robado y fueron detenidos"},"content":{"rendered":"\n<p><strong>Se trata de una mujer de La\nCalera y un joven de Alta Gracia. Si bien resultaron aprehendidos, luego\nrecuperaron la libertad. <\/strong><\/p>\n\n\n\n<p>A las 2:40 horas del viernes pasado, personal de Polic\u00eda Caminera realizaba un control vehicular por ruta 19 Km 230. <\/p>\n\n\n\n<p>En ese marco, los uniformados revisaron un Citroen C3 color gris conducido por una mujer (30) de La Calera y acompa\u00f1ada por un joven (19) de Alta Gracia.<\/p>\n\n\n\n<p>Cuando ingresaron los datos del rodado al sistema PDA (Asistente Digital Personal), el auto arroj\u00f3 pedido de secuestro por robo con fecha del 22 de noviembre del a\u00f1o pasado, por la Unidad Judicial N\u00ba 19 de la Ciudad de C\u00f3rdoba.<\/p>\n\n\n\n<p>Por lo tanto, la Caminera secuestr\u00f3 el veh\u00edculo, aprenhendiendo a sus dos ocupantes y traslad\u00e1ndolos a la Comisar\u00eda de Arroyito. Luego, ambos recuperaron su libertad y se labraron actuaciones de rigor en la Fiscal\u00eda de Instrucci\u00f3n local. <\/p>\n\n\n\n<p>Fuente: informe del comisario Clever Salguero.<\/p>\n\n\n\n<p>Foto solo a modo ilustrativo.<\/p>\n","protected":false},"excerpt":{"rendered":"<p>Se trata de una mujer de La Calera y un joven de Alta Gracia. Si bien resultaron aprehendidos, luego recuperaron&hellip;<\/p>\n","protected":false},"author":3,"featured_media":2876,"comment_status":"closed","ping_status":"open","sticky":false,"template":"","format":"standard","meta":{"footnotes":""},"categories":[824],"tags":[66,67,836,84,572,637,638,825,693],"class_list":["post-2875","post","type-post","status-publish","format-standard","has-post-thumbnail","hentry","category-policiales-online","tag-arroyito","tag-arroyito-cordoba","tag-arroyito-online","tag-automotor","tag-noticias-de-arroyito-y-zona","tag-policiales","tag-policiales-arroyito","tag-policiales-online","tag-robo"],"_links":{"self":[{"href":"https:\/\/arroyitoonline.com.ar\/index.php?rest_route=\/wp\/v2\/posts\/2875","targetHints":{"allow":["GET"]}}],"collection":[{"href":"https:\/\/arroyitoonline.com.ar\/index.php?rest_route=\/wp\/v2\/posts"}],"about":[{"href":"https:\/\/arroyitoonline.com.ar\/index.php?rest_route=\/wp\/v2\/types\/post"}],"author":[{"embeddable":true,"href":"https:\/\/arroyitoonline.com.ar\/index.php?rest_route=\/wp\/v2\/users\/3"}],"replies":[{"embeddable":true,"href":"https:\/\/arroyitoonline.com.ar\/index.php?rest_route=%2Fwp%2Fv2%2Fcomments&post=2875"}],"version-history":[{"count":1,"href":"https:\/\/arroyitoonline.com.ar\/index.php?rest_route=\/wp\/v2\/posts\/2875\/revisions"}],"predecessor-version":[{"id":2877,"href":"https:\/\/arroyitoonline.com.ar\/index.php?rest_route=\/wp\/v2\/posts\/2875\/revisions\/2877"}],"wp:featuredmedia":[{"embeddable":true,"href":"https:\/\/arroyitoonline.com.ar\/index.php?rest_route=\/wp\/v2\/media\/2876"}],"wp:attachment":[{"href":"https:\/\/arroyitoonline.com.ar\/index.php?rest_route=%2Fwp%2Fv2%2Fmedia&parent=2875"}],"wp:term":[{"taxonomy":"category","embeddable":true,"href":"https:\/\/arroyitoonline.com.ar\/index.php?rest_route=%2Fwp%2Fv2%2Fcategories&post=2875"},{"taxonomy":"post_tag","embeddable":true,"href":"https:\/\/arroyitoonline.com.ar\/index.php?rest_route=%2Fwp%2Fv2%2Ftags&post=2875"}],"curies":[{"name":"wp","href":"https:\/\/api.w.org\/{rel}","templated":true}]}}