{"id":2878,"date":"2019-03-18T04:25:11","date_gmt":"2019-03-18T04:25:11","guid":{"rendered":"http:\/\/arroyitoonline.com.ar\/?p=2878"},"modified":"2019-03-18T04:27:27","modified_gmt":"2019-03-18T04:27:27","slug":"cordoba-lelia-imhof-participara-de-la-colocacion-de-un-techo-verde-en-la-municipalidad","status":"publish","type":"post","link":"https:\/\/arroyitoonline.com.ar\/?p=2878","title":{"rendered":"C\u00f3rdoba: Lelia Imhof participar\u00e1 de la colocaci\u00f3n de un techo verde en la Municipalidad"},"content":{"rendered":"\n<p><strong>La profesional de Arroyito est\u00e1 a cargo del laboratorio de recursos gen\u00e9ticos y sustentabilidad bioclim\u00e1tica de la Universidad Cat\u00f3lica, que respalda de manera t\u00e9cnica este proyecto. <\/strong><\/p>\n\n\n\n<p>El techo del d\u00e9cimo piso del Palacio\n6 de Julio \u2013sede de la Municipalidad de C\u00f3rdoba- ser\u00e1 cubierto con vegetaci\u00f3n\nnativa en las pr\u00f3ximas semanas, en cumplimiento a lo que establece&nbsp;la\nordenanza 12.548 sancionada en julio de 2016&nbsp;\u2013que todav\u00eda no fue\nreglamentada-, y ser\u00e1 utilizado tambi\u00e9n para el estudio de su impacto y\nevoluci\u00f3n.&nbsp;<\/p>\n\n\n\n<figure class=\"wp-block-image\"><img loading=\"lazy\" decoding=\"async\" width=\"1024\" height=\"570\" src=\"http:\/\/arroyitoonline.com.ar\/wp-content\/uploads\/2019\/03\/techo-verde-2_1552404160-1024x570.jpg\" alt=\"\" class=\"wp-image-2879\" srcset=\"https:\/\/arroyitoonline.com.ar\/wp-content\/uploads\/2019\/03\/techo-verde-2_1552404160-1024x570.jpg 1024w, https:\/\/arroyitoonline.com.ar\/wp-content\/uploads\/2019\/03\/techo-verde-2_1552404160-300x167.jpg 300w, https:\/\/arroyitoonline.com.ar\/wp-content\/uploads\/2019\/03\/techo-verde-2_1552404160-768x428.jpg 768w, https:\/\/arroyitoonline.com.ar\/wp-content\/uploads\/2019\/03\/techo-verde-2_1552404160.jpg 1072w\" sizes=\"auto, (max-width: 1024px) 100vw, 1024px\" \/><figcaption><em>En la facultad de Aquitectura de la UCC se instal\u00f3 un techo verde (Gentileza UCC). <\/em><\/figcaption><\/figure>\n\n\n\n<p>La adecuaci\u00f3n del edificio municipal\na la ordenanza de techos verdes surgi\u00f3 de un proyecto de la C\u00e1mara Empresarial\nde Desarrollistas Urbanos de C\u00f3rdoba (Ceduc) \u2013con el respaldo t\u00e9cnico de la\nUniversidad Cat\u00f3lica de C\u00f3rdoba (UCC)- financiado por la Agencia para el\nDesarrollo Econ\u00f3mico de C\u00f3rdoba (Adec).&nbsp;<\/p>\n\n\n\n<p>Con el proyecto de dise\u00f1o, desarrollo\ne implementaci\u00f3n de un Sistema Modular Extensivo de Techos Verdes de bajo\nmantenimiento buscan la promoci\u00f3n de acciones p\u00fablico\u2013privadas que contribuyan\na la incorporaci\u00f3n de tecnolog\u00eda con beneficios eco\u2013sist\u00e9micos en un edificio\nubicado dentro de la denominada <em>\u201cisla de\ncalor urbana\u201d<\/em>, precisaron desde la UCC.&nbsp;<\/p>\n\n\n\n<p>Adem\u00e1s instalar\u00e1n equipos que\npermitan la medici\u00f3n de los impactos en materia energ\u00e9tica y de retenci\u00f3n de\nescorrent\u00eda, as\u00ed como la adecuaci\u00f3n de las plantas nativas elegidas, para la\nevaluaci\u00f3n del comportamiento de las cubiertas verdes y el mejoramiento de su\nincorporaci\u00f3n al espacio urbano.&nbsp;<\/p>\n\n\n\n<p><strong>Isla de calor<\/strong><\/p>\n\n\n\n<p><em>\u201cLa\nselecci\u00f3n del Palacio Municipal para la implementaci\u00f3n del proyecto se realiza\nprincipalmente por localizarse en el \u00e1rea de concentraci\u00f3n de la isla de calor\nurbana de C\u00f3rdoba, y por tratarse de un edificio que forma parte del activo de\nlos cordobeses, centro de concurrencia y encuentro de todos los actores\ninvolucrados, y que asegurara que las tecnolog\u00edas implementadas puedan estar al\nalcance de planes acad\u00e9micos y de investigaci\u00f3n futuros para lograr la\nsensibilizaci\u00f3n y transferencia de la tecnolog\u00eda en el tiempo\u201d<\/em>, detallaron desde el\nEjecutivo cordob\u00e9s.&nbsp;<\/p>\n\n\n\n<p><em>\u201cEste proyecto va a permitir tener\ndatos emp\u00edricos sobre el impacto ambiental de la terraza verde en la\nMunicipalidad\u201d<\/em>, destac\u00f3 la directora ejecutiva de Ceduc\nCecilia Asili.<\/p>\n\n\n\n<p>Y apuntaron que un Comit\u00e9 de Asesor\u00eda\nT\u00e9cnica trabaja en la reglamentaci\u00f3n de la ordenanza, que incluir\u00e1 una ampliaci\u00f3n\ndel listado de especies vegetales sugeridas, con desempe\u00f1o favorable comprobado\nen techos verdes en C\u00f3rdoba, por parte del Equipo T\u00e9cnico de la UCC.&nbsp;<\/p>\n\n\n\n<p>La profesional de Arroyito Lelia\nImhof, a cargo de laboratorio de recursos gen\u00e9ticos y sustentabilidad\nbioclim\u00e1tica de la Cat\u00f3lica, explic\u00f3 que el proyecto consta de una instancia de\nsensibilizaci\u00f3n y capacitaci\u00f3n a todos los socios de la Ceduc, y otra de\ninstalaci\u00f3n de un techo verde que se har\u00e1 en la Municipalidad de La Docta.&nbsp;<\/p>\n\n\n\n<p><em>\u201cEn la\nterraza del d\u00e9cimo piso se har\u00e1 un techo verde de 80 metros cuadrados, ya que\nse encuentra dentro de la isla de calor de C\u00f3rdoba y porque es uno de los\nedificios que va a tener que adecuarse a la ordenanza\u201d<\/em>, indic\u00f3 Imhof a&nbsp;<strong>La\nVoz<\/strong>.<\/p>\n\n\n\n<p>Cecilia Asili, directora ejecutiva de\nCeduc, destac\u00f3 que el proyecto financiado por Adec <em>\u201cva a permitir tener datos emp\u00edricos sobre el impacto ambiental de la\nterraza verde en <\/em>la Municipalidad\u201d, pero tiene adem\u00e1s otra instancia de\ncapacitaci\u00f3n a desarrollistas.&nbsp;<\/p>\n\n\n\n<p><em>\u201cUna parte\ndel proyecto es la terraza verde, aunque hay otras etapas de capacitaci\u00f3n y de\nconocer una oferta m\u00e1s amplia de productos eco-sustentables que pueden usar los\ndesarrollistas en sus edificios\u201d<\/em>, valor\u00f3 sobre el proyecto que tiene una duraci\u00f3n de\nun a\u00f1o.&nbsp;<\/p>\n\n\n\n<p>Imhof precis\u00f3 que en una de las\nterrazas de la Municipalidad se pondr\u00e1n paneles solares, y en el d\u00e9cimo se\ncubrir\u00e1n 80 metros cuadrados con plantas nativas de bajo mantenimiento. <em>\u201cLa construcci\u00f3n del techo est\u00e1 prevista\npara finales de marzo, dado que ahora se est\u00e1n haciendo pruebas hidr\u00e1ulicas, el\nc\u00e1lculo de la carga, se est\u00e1 impermeabilizando el techo y adecuando la parte\nel\u00e9ctrica\u201d<\/em>, indic\u00f3.&nbsp;<\/p>\n\n\n\n<p><em>\u201cEste\nproyecto le aporta al sector privado y al p\u00fablico, porque van a trabajar en\nconjunto el organismo que hace la ley, con la C\u00e1mara que tiene que intervenir,\ny con un equipo de investigaci\u00f3n\u201d<\/em>, resalt\u00f3.&nbsp;<\/p>\n\n\n\n<p><strong>Beneficios<\/strong><\/p>\n\n\n\n<p>Entre los principales beneficios,\nImhof consider\u00f3 que los m\u00e1s importantes son la disminuci\u00f3n de la temperatura\nhacia adentro de los edificios y la reducci\u00f3n de la escorrent\u00eda que va a los\ndesag\u00fces. <em>\u201cLa absorci\u00f3n var\u00eda entre un 70\ny 80 por ciento, si llueve 100 mil\u00edmetros s\u00f3lo 30 ir\u00edan a desag\u00fce, es un\nimpacto importante en una ciudad como C\u00f3rdoba\u201d<\/em>, asever\u00f3.&nbsp;<\/p>\n\n\n\n<p><em>\u201cEs biodiversidad en un entorno urbano que aporta vida, fauna, reducci\u00f3n del di\u00f3xido de carbono, es est\u00e9tico, tiene un mont\u00f3n de beneficios que son medibles\u201d<\/em>, concluy\u00f3 la profesional de nuestra ciudad.<\/p>\n\n\n\n<p>Fuente: La Voz. <\/p>\n\n\n\n<p>Foto de portada: archivo.<\/p>\n","protected":false},"excerpt":{"rendered":"<p>La profesional de Arroyito est\u00e1 a cargo del laboratorio de recursos gen\u00e9ticos y sustentabilidad bioclim\u00e1tica de la Universidad Cat\u00f3lica, que&hellip;<\/p>\n","protected":false},"author":3,"featured_media":2880,"comment_status":"closed","ping_status":"open","sticky":false,"template":"","format":"standard","meta":{"footnotes":""},"categories":[913],"tags":[66,67,836,244,258,528,915,572,914],"class_list":["post-2878","post","type-post","status-publish","format-standard","has-post-thumbnail","hentry","category-medio-ambiente","tag-arroyito","tag-arroyito-cordoba","tag-arroyito-online","tag-cordoba","tag-cuidado-del-medio-ambiente","tag-medio-ambiente","tag-municipalidad-de-cordoba","tag-noticias-de-arroyito-y-zona","tag-techos-verdes"],"_links":{"self":[{"href":"https:\/\/arroyitoonline.com.ar\/index.php?rest_route=\/wp\/v2\/posts\/2878","targetHints":{"allow":["GET"]}}],"collection":[{"href":"https:\/\/arroyitoonline.com.ar\/index.php?rest_route=\/wp\/v2\/posts"}],"about":[{"href":"https:\/\/arroyitoonline.com.ar\/index.php?rest_route=\/wp\/v2\/types\/post"}],"author":[{"embeddable":true,"href":"https:\/\/arroyitoonline.com.ar\/index.php?rest_route=\/wp\/v2\/users\/3"}],"replies":[{"embeddable":true,"href":"https:\/\/arroyitoonline.com.ar\/index.php?rest_route=%2Fwp%2Fv2%2Fcomments&post=2878"}],"version-history":[{"count":2,"href":"https:\/\/arroyitoonline.com.ar\/index.php?rest_route=\/wp\/v2\/posts\/2878\/revisions"}],"predecessor-version":[{"id":2882,"href":"https:\/\/arroyitoonline.com.ar\/index.php?rest_route=\/wp\/v2\/posts\/2878\/revisions\/2882"}],"wp:featuredmedia":[{"embeddable":true,"href":"https:\/\/arroyitoonline.com.ar\/index.php?rest_route=\/wp\/v2\/media\/2880"}],"wp:attachment":[{"href":"https:\/\/arroyitoonline.com.ar\/index.php?rest_route=%2Fwp%2Fv2%2Fmedia&parent=2878"}],"wp:term":[{"taxonomy":"category","embeddable":true,"href":"https:\/\/arroyitoonline.com.ar\/index.php?rest_route=%2Fwp%2Fv2%2Fcategories&post=2878"},{"taxonomy":"post_tag","embeddable":true,"href":"https:\/\/arroyitoonline.com.ar\/index.php?rest_route=%2Fwp%2Fv2%2Ftags&post=2878"}],"curies":[{"name":"wp","href":"https:\/\/api.w.org\/{rel}","templated":true}]}}