{"id":2909,"date":"2019-03-19T13:55:36","date_gmt":"2019-03-19T13:55:36","guid":{"rendered":"http:\/\/arroyitoonline.com.ar\/?p=2909"},"modified":"2019-03-19T13:55:37","modified_gmt":"2019-03-19T13:55:37","slug":"el-primer-foro-creativo-fue-un-exito","status":"publish","type":"post","link":"https:\/\/arroyitoonline.com.ar\/?p=2909","title":{"rendered":"El Primer Foro Creativo fue un \u00e9xito"},"content":{"rendered":"\n<p><strong>Con la participaci\u00f3n de m\u00e1s de 100 agentes culturales locales, as\u00ed lo defini\u00f3 la disertante Karina Fr\u00edas, miembro de la Red de Gesti\u00f3n Cultural P\u00fablica. <\/strong><\/p>\n\n\n\n<p>El pasado s\u00e1bado 16 de marzo se realiz\u00f3 el Primer Foro Creativo, que cont\u00f3 con la participaci\u00f3n de m\u00e1s de 100\u00a0agentes culturales de nuestra ciudad. <\/p>\n\n\n\n<p>Este espacio de encuentro colectivo brind\u00f3 la oportunidad, a los asistentes, de expresarse desde las distintas disciplinas art\u00edsticas que conforman la cultura local, ya que asistieron referentes de la danza, la m\u00fasica, la artesan\u00eda, el\u00a0teatro, las artes visuales, la literatura, la biblioteca, el museo, el dise\u00f1o, la comunicaci\u00f3n, la gastronom\u00eda y la fotograf\u00eda.<\/p>\n\n\n\n<p>El evento comenz\u00f3 en el Teatrillo Municipal Jos\u00e9 Guarch con la intervenci\u00f3n art\u00edstica de la fila de bronces de la Banda Sinf\u00f3nica Municipal que dirige el Prof. Gerardo Lemos. Adem\u00e1s se expusieron obras del artista pl\u00e1stico\u00a0Francisco Farnochi.<\/p>\n\n\n\n<p>\n\nAcudieron a esta apertura el intendente Mauricio Cravero, el secretario de Obras P\u00fablicas Daniel Lafarina, la concejala Alejandra Dellavalle, la directora de la Biblioteca&nbsp;Municipal Norma Ferreyra, como as\u00ed tambi\u00e9n los organizadores del Foro, la directora de Cultura Viviana Sam Sam y el asesor Cultural Gerardo Lemos, juntos a la docente Nina Moya.\n\n<\/p>\n\n\n\n<p>La continuidad del acontecimiento fue en el sal\u00f3n de usos m\u00faltiples contiguo, donde, en grupos con diversas disciplinas representadas, se concret\u00f3 un debate que deriv\u00f3 en conclusiones que luego fueron expuestas por un miembro de cada equipo.<\/p>\n\n\n\n<p>En este caso, la disertante a cargo fue la encargada de la Red de Gesti\u00f3n Cultural P\u00fablica -que integra el Municipio local-, Karina Fr\u00edas, quien expres\u00f3 su conformidad\u00a0por la organizaci\u00f3n y la participaci\u00f3n activa de todos los presentes, manifestando que, si bien este foro <em>&#8220;fue un \u00e9xito&#8221;<\/em>, es\u00a0solo el primer paso de un largo proceso donde se dejaron asentados, en un mapeo, todos los agentes culturales en una base de datos territorial, que luego podr\u00e1 subirse a la web y ser\u00a0reconocido en todo el mundo.<\/p>\n\n\n\n<p><em>&#8220;Arroyito sigue progresando culturalmente en una l\u00ednea ascendente que no para, haciendo de \u00e9ste un lugar donde interact\u00faan las distintas manifestaciones\u00a0humanas como base s\u00f3lida\u00a0de una\u00a0sociedad pujante y moderna&#8221;<\/em>, se\u00f1alaron desde la organizaci\u00f3n. <\/p>\n\n\n\n<p>Fuente: Prensa Municipal. <\/p>\n\n\n\n<p>Foto: Arroyito Online. <\/p>\n","protected":false},"excerpt":{"rendered":"<p>Con la participaci\u00f3n de m\u00e1s de 100 agentes culturales locales, as\u00ed lo defini\u00f3 la disertante Karina Fr\u00edas, miembro de la&hellip;<\/p>\n","protected":false},"author":3,"featured_media":2910,"comment_status":"closed","ping_status":"open","sticky":false,"template":"","format":"standard","meta":{"footnotes":""},"categories":[2],"tags":[66,67,836,158,259,864,260,572,901],"class_list":["post-2909","post","type-post","status-publish","format-standard","has-post-thumbnail","hentry","category-cultura-y-espectaculos","tag-arroyito","tag-arroyito-cordoba","tag-arroyito-online","tag-casa-de-la-cultura","tag-cultura","tag-cultura-y-espectaculos-online","tag-cultural","tag-noticias-de-arroyito-y-zona","tag-primer-foro-creativo"],"_links":{"self":[{"href":"https:\/\/arroyitoonline.com.ar\/index.php?rest_route=\/wp\/v2\/posts\/2909","targetHints":{"allow":["GET"]}}],"collection":[{"href":"https:\/\/arroyitoonline.com.ar\/index.php?rest_route=\/wp\/v2\/posts"}],"about":[{"href":"https:\/\/arroyitoonline.com.ar\/index.php?rest_route=\/wp\/v2\/types\/post"}],"author":[{"embeddable":true,"href":"https:\/\/arroyitoonline.com.ar\/index.php?rest_route=\/wp\/v2\/users\/3"}],"replies":[{"embeddable":true,"href":"https:\/\/arroyitoonline.com.ar\/index.php?rest_route=%2Fwp%2Fv2%2Fcomments&post=2909"}],"version-history":[{"count":1,"href":"https:\/\/arroyitoonline.com.ar\/index.php?rest_route=\/wp\/v2\/posts\/2909\/revisions"}],"predecessor-version":[{"id":2911,"href":"https:\/\/arroyitoonline.com.ar\/index.php?rest_route=\/wp\/v2\/posts\/2909\/revisions\/2911"}],"wp:featuredmedia":[{"embeddable":true,"href":"https:\/\/arroyitoonline.com.ar\/index.php?rest_route=\/wp\/v2\/media\/2910"}],"wp:attachment":[{"href":"https:\/\/arroyitoonline.com.ar\/index.php?rest_route=%2Fwp%2Fv2%2Fmedia&parent=2909"}],"wp:term":[{"taxonomy":"category","embeddable":true,"href":"https:\/\/arroyitoonline.com.ar\/index.php?rest_route=%2Fwp%2Fv2%2Fcategories&post=2909"},{"taxonomy":"post_tag","embeddable":true,"href":"https:\/\/arroyitoonline.com.ar\/index.php?rest_route=%2Fwp%2Fv2%2Ftags&post=2909"}],"curies":[{"name":"wp","href":"https:\/\/api.w.org\/{rel}","templated":true}]}}