{"id":2912,"date":"2019-03-19T17:40:49","date_gmt":"2019-03-19T17:40:49","guid":{"rendered":"http:\/\/arroyitoonline.com.ar\/?p=2912"},"modified":"2019-03-19T17:41:56","modified_gmt":"2019-03-19T17:41:56","slug":"lafarina-repudio-la-destruccion-de-pasacalles-con-su-nombre","status":"publish","type":"post","link":"https:\/\/arroyitoonline.com.ar\/?p=2912","title":{"rendered":"Lafarina repudi\u00f3 la destrucci\u00f3n de pasacalles con su nombre"},"content":{"rendered":"\n<p><strong><em>\u201cCr\u00e9anme, jam\u00e1s nos van a doblegar con esta manera de manejarse\u201d<\/em>, escribi\u00f3 el ingeniero en sus cuentas de las redes sociales Instagram y Facebook. <\/strong><\/p>\n\n\n\n<p>Aunque a\u00fan sin fecha de elecciones locales, los precandidatos\ny candidatos ya hacen campa\u00f1a con diversidad de acciones. Desde visitas a\nvecinos de distintos sectores, hasta pintura de paredes \u2013con cr\u00edticas positivas\ny negativas-, pasando por publicaciones en las redes sociales. <\/p>\n\n\n\n<p>En este sentido, los que parecieran haberse convertido en la\nmarca registrada del ingeniero elegido por el intendente Cravero para su\nsucesi\u00f3n, son los pasacalles. <\/p>\n\n\n\n<p>Estos carteles pintados con la leyenda <em>\u201cLAFARINA INTENDENTE 2019\u201d<\/em> se encuentran colgados en algunos\nsectores de la cuidad, como uno de los elementos del folclore pol\u00edtico del a\u00f1o\nelectoral. <\/p>\n\n\n\n<p>Hasta el momento, los estandartes permanec\u00edan intactos en el lugar donde eran colocados, pero esta ma\u00f1ana la foto de un pasacalles destruido gener\u00f3 la reacci\u00f3n del secretario de Obras P\u00fablicas, quien public\u00f3 en sus cuentas de Facebook e Instagram un descargo, en relaci\u00f3n al acto de vandalismo.<\/p>\n\n\n\n<figure class=\"wp-block-embed-facebook wp-block-embed is-type-rich is-provider-facebook\"><div class=\"wp-block-embed__wrapper\">\nhttps:\/\/www.facebook.com\/intendentedaniel\/photos\/a.383601039118433\/409385026540034\/?type=3&#038;theater\n<\/div><\/figure>\n\n\n\n<p><em>\u201cQuiero tomarme un minuto para repudiar el accionar de los mismos intolerantes de siempre, creo profundamente en la evoluci\u00f3n en la pol\u00edtica y en la manera de hacerla. Estas actitudes restan. Cr\u00e9anme, jam\u00e1s nos van a doblegar con esta manera de manejarse\u201d<\/em>, escribi\u00f3 Daniel, al tiempo que expres\u00f3 que <em>\u201cEstoy profundamente agradecido por el gran apoyo que venimos recibiendo por parte de nuestra ciudad. \u00a1Sigamos juntos!\u201d<\/em>.<\/p>\n","protected":false},"excerpt":{"rendered":"<p>\u201cCr\u00e9anme, jam\u00e1s nos van a doblegar con esta manera de manejarse\u201d, escribi\u00f3 el ingeniero en sus cuentas de las redes&hellip;<\/p>\n","protected":false},"author":3,"featured_media":2913,"comment_status":"closed","ping_status":"open","sticky":false,"template":"","format":"standard","meta":{"footnotes":""},"categories":[8],"tags":[66,67,836,318,454,837,572,640,916],"class_list":["post-2912","post","type-post","status-publish","format-standard","has-post-thumbnail","hentry","category-politica","tag-arroyito","tag-arroyito-cordoba","tag-arroyito-online","tag-elecciones","tag-intendente","tag-lafarina","tag-noticias-de-arroyito-y-zona","tag-politica","tag-vandalismo"],"_links":{"self":[{"href":"https:\/\/arroyitoonline.com.ar\/index.php?rest_route=\/wp\/v2\/posts\/2912","targetHints":{"allow":["GET"]}}],"collection":[{"href":"https:\/\/arroyitoonline.com.ar\/index.php?rest_route=\/wp\/v2\/posts"}],"about":[{"href":"https:\/\/arroyitoonline.com.ar\/index.php?rest_route=\/wp\/v2\/types\/post"}],"author":[{"embeddable":true,"href":"https:\/\/arroyitoonline.com.ar\/index.php?rest_route=\/wp\/v2\/users\/3"}],"replies":[{"embeddable":true,"href":"https:\/\/arroyitoonline.com.ar\/index.php?rest_route=%2Fwp%2Fv2%2Fcomments&post=2912"}],"version-history":[{"count":2,"href":"https:\/\/arroyitoonline.com.ar\/index.php?rest_route=\/wp\/v2\/posts\/2912\/revisions"}],"predecessor-version":[{"id":2915,"href":"https:\/\/arroyitoonline.com.ar\/index.php?rest_route=\/wp\/v2\/posts\/2912\/revisions\/2915"}],"wp:featuredmedia":[{"embeddable":true,"href":"https:\/\/arroyitoonline.com.ar\/index.php?rest_route=\/wp\/v2\/media\/2913"}],"wp:attachment":[{"href":"https:\/\/arroyitoonline.com.ar\/index.php?rest_route=%2Fwp%2Fv2%2Fmedia&parent=2912"}],"wp:term":[{"taxonomy":"category","embeddable":true,"href":"https:\/\/arroyitoonline.com.ar\/index.php?rest_route=%2Fwp%2Fv2%2Fcategories&post=2912"},{"taxonomy":"post_tag","embeddable":true,"href":"https:\/\/arroyitoonline.com.ar\/index.php?rest_route=%2Fwp%2Fv2%2Ftags&post=2912"}],"curies":[{"name":"wp","href":"https:\/\/api.w.org\/{rel}","templated":true}]}}