{"id":2923,"date":"2019-03-20T20:21:04","date_gmt":"2019-03-20T20:21:04","guid":{"rendered":"http:\/\/arroyitoonline.com.ar\/?p=2923"},"modified":"2019-03-20T22:49:18","modified_gmt":"2019-03-20T22:49:18","slug":"el-cine-se-deconstruye-ornella-vittone-triunfa-como-productora","status":"publish","type":"post","link":"https:\/\/arroyitoonline.com.ar\/?p=2923","title":{"rendered":"El cine se deconstruye: Ornella Vittone triunfa como productora"},"content":{"rendered":"\n<p><strong>En los \u00faltimos meses, su carrera detr\u00e1s de escena se\nconsolid\u00f3 llegando Buenos Aires. Particip\u00f3 en el rodaje de dos pel\u00edculas y\nvarias publicidades. <\/strong><\/p>\n\n\n\n<p>Las mujeres est\u00e1n\nocupando espacios que antes parec\u00edan pertenecer a los hombres. El cine tambi\u00e9n\nse est\u00e1 deconstruyendo y una referente local del rubro, Ornella Vittone, crece\nen trabajo y propuestas que trascienden las fronteras de la provincia. <\/p>\n\n\n\n<p>El a\u00f1o pasado,\nla licenciada audiovisual lleg\u00f3 a Buenos Aires, la meca nacional del s\u00e9ptimo\narte. <em>\u201cUn amigo de mi hermano y cu\u00f1ado\nles pas\u00f3 el dato de que en dos semanas empezaba una pel\u00edcula en la que \u00e9l iba a\nser el director de Fotograf\u00eda que me pasaba el contacto de la productora. Me comuniqu\u00e9\npara ver si ten\u00eda suerte. Me contestaron en el mismo d\u00eda e ingres\u00e9 c\u00f3mo\nmeritoria de producci\u00f3n en una pel\u00edcula llamada El d\u00eda que me muera, protagonizada\npor Betiana Blum\u201d<\/em>, cuenta Ornella a <strong>Arroyito\nOnline<\/strong>. <\/p>\n\n\n\n<p>Adem\u00e1s, como el\ntrabajo de la cineasta de Arroyito les gust\u00f3 <em>\u201cAl productor y al jefe de la productora, me hicieron contrato para la\npr\u00f3xima pel\u00edcula que se llama Una tumba para tres, que tiene un poco del elenco\nde El marginal \u2013la exitosa serie de Underground-, como Daniel Pacheco, Diego\nCremonessi, Gerardo Romano, entre otros\u201d<\/em>, explica. <\/p>\n\n\n\n<p>Cuando termin\u00f3\nel rodaje, que se desarroll\u00f3 durante los meses de octubre y noviembre, volvi\u00f3 a\nArroyito para las Fiestas de fin de a\u00f1o y recibi\u00f3 m\u00faltiples propuestas para la\nfilmaci\u00f3n de publicidades. Trabaj\u00f3 en la realizaci\u00f3n de algunos comerciales,\ntales como los del Banco HSBC, el agua Villavicencio y una publicidad con la productora\nbrasilera Riachuelo mostrando su colecci\u00f3n de ropa de la temporada oto\u00f1o\ninvierno.<\/p>\n\n\n\n<p>Terminado enero, el jefe de la productora de las pel\u00edculas en las que trabaj\u00f3 le ofreci\u00f3 empleo fjo, para la producci\u00f3n de sus pel\u00edculas.<\/p>\n\n\n\n<p>Hablando de\ndeconstrucci\u00f3n, la hija del director de Canal 3 Oscar Vittone \u2013lo que se hereda\nno se roba, dicen por ah\u00ed-, tambi\u00e9n se refiere al rol de la mujer detr\u00e1s de\nescena. <em>\u201cComo era mujer productora no\nquer\u00edan saber nada y solo me hab\u00edan contratado una semana para hacerle un favor\nal contacto de mi hermano, para decirle `cumplimos porque vos la presentaste\u00b4\u201d \u2013cuenta-<\/em>\ndemostrando as\u00ed que a\u00fan persisten los prejuicios de g\u00e9nero.<\/p>\n\n\n\n<p>Claro, es que para muchos, el femenino sigue siendo el \u201csexo d\u00e9bil\u201d y transportar, llevando y trayendo objetos pesados todav\u00eda se considera un trabajo masculino. Pero\u2026 <em>\u201cLo bueno es que cuando termin\u00e9 la segunda pel\u00edcula, el jefe de producci\u00f3n dijo que yo le hab\u00eda hecho cambiar el panorama de lo que \u00e9l pensaba sobre trabajar con mujeres. De ahora en m\u00e1s prefiere tener m\u00e1s mujeres que hombres en su equipo, te sent\u00eds como en una ola de decontrucci\u00f3n\u201d<\/em>, concluye una orgullosa Ornella Vittone.<\/p>\n\n\n\n<p>Cabe destacar que, en los \u00faltimos d\u00edas, firm\u00f3 un contrato para el rodaje de la pel\u00edcula de terror Al tercer d\u00eda y cuatro largometrajes m\u00e1s, coproducidos por Del Toro Films y Bueno Dale <em>\u2013<\/em>donde&nbsp;se&nbsp;desempe\u00f1a otro talento local, \u00c1lvaro Mart\u00edn-, en lo que es una fusi\u00f3n de equipos t\u00e9cnicos porte\u00f1o y cordob\u00e9s. En este caso, Ornella se encarga del desarrollo del proyecto trabajando con el Polo Audiovisual.<\/p>\n\n\n\n<p><strong>Sobre El d\u00eda que me muera<\/strong><\/p>\n\n\n\n<p>Es una comedia con guion de&nbsp;<strong>Ver\u00f3nica Eibuszyc y Gabriel Patolsky<\/strong>,\ndirecci\u00f3n de&nbsp;<strong>N\u00e9stor S\u00e1nchez Sotelo<\/strong>&nbsp;y producci\u00f3n de&nbsp;<strong>Del\nToro Films<\/strong>. Fue rodada entre octubre y noviembre de 2018.<\/p>\n\n\n\n<p>Aborda la historia de\u00a0<strong>Dina Foguelman de Levy<\/strong>, una madre jud\u00eda, ego\u00edsta, controladora y demandante. Dina sufre de aerofobia, y sus tres hijos se aprovechan de esa condici\u00f3n para escaparse y hacer sus vidas fuera del pa\u00eds, lejos de su control, y ocult\u00e1ndole algunas cositas para no romperle el coraz\u00f3n.<\/p>\n\n\n\n<p>Todos sus intentos de volver a reunirlos fracasaron por lo que decide\nfingir su propia muerte para lograr atraerlos. Convence a sus amigas y montan\nun falso velorio en el que todo se desmadra.<\/p>\n\n\n\n<p>Cuenta con la actuaci\u00f3n de&nbsp;<strong>Betiana Blum<\/strong>&nbsp;en el rol de Dina,\nsecundada por&nbsp;<strong>Alan Sabbagh, Lucas Ferraro, Sole Garc\u00eda, Roberto\nCarnaghi, Gipsy Bonafina, Mar\u00eda Jos\u00e9 Gabin, Alejandra Flechner, Regina Lamm y\nMirta Busnelli.<\/strong><\/p>\n\n\n\n<p>S\u00e1nchez Sotelo dirigi\u00f3 la comedia rom\u00e1ntica&nbsp;<strong>Ca\u00edda del Cielo<\/strong>&nbsp;(2016) y el drama social&nbsp;<strong>Los Nadies<\/strong>&nbsp;(2013).<\/p>\n\n\n\n<p>Fuente: Infoca\u00f1uelas. <\/p>\n","protected":false},"excerpt":{"rendered":"<p>En los \u00faltimos meses, su carrera detr\u00e1s de escena se consolid\u00f3 llegando Buenos Aires. Particip\u00f3 en el rodaje de dos&hellip;<\/p>\n","protected":false},"author":3,"featured_media":2924,"comment_status":"closed","ping_status":"open","sticky":false,"template":"","format":"standard","meta":{"footnotes":""},"categories":[2],"tags":[66,67,836,195,864,550,551,572],"class_list":["post-2923","post","type-post","status-publish","format-standard","has-post-thumbnail","hentry","category-cultura-y-espectaculos","tag-arroyito","tag-arroyito-cordoba","tag-arroyito-online","tag-cine","tag-cultura-y-espectaculos-online","tag-mujeres","tag-mujeres-arroyito","tag-noticias-de-arroyito-y-zona"],"_links":{"self":[{"href":"https:\/\/arroyitoonline.com.ar\/index.php?rest_route=\/wp\/v2\/posts\/2923","targetHints":{"allow":["GET"]}}],"collection":[{"href":"https:\/\/arroyitoonline.com.ar\/index.php?rest_route=\/wp\/v2\/posts"}],"about":[{"href":"https:\/\/arroyitoonline.com.ar\/index.php?rest_route=\/wp\/v2\/types\/post"}],"author":[{"embeddable":true,"href":"https:\/\/arroyitoonline.com.ar\/index.php?rest_route=\/wp\/v2\/users\/3"}],"replies":[{"embeddable":true,"href":"https:\/\/arroyitoonline.com.ar\/index.php?rest_route=%2Fwp%2Fv2%2Fcomments&post=2923"}],"version-history":[{"count":4,"href":"https:\/\/arroyitoonline.com.ar\/index.php?rest_route=\/wp\/v2\/posts\/2923\/revisions"}],"predecessor-version":[{"id":2934,"href":"https:\/\/arroyitoonline.com.ar\/index.php?rest_route=\/wp\/v2\/posts\/2923\/revisions\/2934"}],"wp:featuredmedia":[{"embeddable":true,"href":"https:\/\/arroyitoonline.com.ar\/index.php?rest_route=\/wp\/v2\/media\/2924"}],"wp:attachment":[{"href":"https:\/\/arroyitoonline.com.ar\/index.php?rest_route=%2Fwp%2Fv2%2Fmedia&parent=2923"}],"wp:term":[{"taxonomy":"category","embeddable":true,"href":"https:\/\/arroyitoonline.com.ar\/index.php?rest_route=%2Fwp%2Fv2%2Fcategories&post=2923"},{"taxonomy":"post_tag","embeddable":true,"href":"https:\/\/arroyitoonline.com.ar\/index.php?rest_route=%2Fwp%2Fv2%2Ftags&post=2923"}],"curies":[{"name":"wp","href":"https:\/\/api.w.org\/{rel}","templated":true}]}}