{"id":2931,"date":"2019-03-19T21:37:50","date_gmt":"2019-03-19T21:37:50","guid":{"rendered":"http:\/\/arroyitoonline.com.ar\/?p=2931"},"modified":"2019-03-20T21:57:55","modified_gmt":"2019-03-20T21:57:55","slug":"vandalismo-robaron-cables-de-las-nuevas-luces-que-se-colocan-en-el-balneario","status":"publish","type":"post","link":"https:\/\/arroyitoonline.com.ar\/?p=2931","title":{"rendered":"Vandalismo: robaron cables de las nuevas luces que se colocan en el Balneario"},"content":{"rendered":"\n<p><strong>La denuncia ya fue radicada en la Comisar\u00eda local por el secretario de Obras P\u00fablicas. <\/strong><\/p>\n\n\n\n<p>D\u00edas pasados, uno o varios sujetos a\u00fan no identificados robaron cables del Balneario Municipal, pertenecientes a obra colocaci\u00f3n de nuevas luminarias en la Costanera del r\u00edo Xanaes. \u00a0<\/p>\n\n\n\n<p>Se trata de 250 metros de cableado de 4&#215;4 mm2 tipo subterr\u00e1neo, que a\u00fan no estaban conectados a la energ\u00eda el\u00e9ctrica, pero s\u00ed enterrados.<\/p>\n\n\n\n<p>Apenas el Municipio tom\u00f3 conocimiento del hecho, el secretario de Obras P\u00fablicas Daniel Lafarina realiz\u00f3 la denuncia correspondiente. El hecho de vandalismo se encuentra en proceso de investigaci\u00f3n.<\/p>\n\n\n\n<p>Fuente: Prensa Municipal. <\/p>\n","protected":false},"excerpt":{"rendered":"<p>La denuncia ya fue radicada en la Comisar\u00eda local por el secretario de Obras P\u00fablicas. D\u00edas pasados, uno o varios&hellip;<\/p>\n","protected":false},"author":3,"featured_media":2932,"comment_status":"closed","ping_status":"open","sticky":false,"template":"","format":"standard","meta":{"footnotes":""},"categories":[824],"tags":[66,67,836,270,271,555,556,572,578,635,637,638,825],"class_list":["post-2931","post","type-post","status-publish","format-standard","has-post-thumbnail","hentry","category-policiales-online","tag-arroyito","tag-arroyito-cordoba","tag-arroyito-online","tag-delito","tag-delitos","tag-municipalidad","tag-municipalidad-de-arroyito","tag-noticias-de-arroyito-y-zona","tag-obras-publicas","tag-policia","tag-policiales","tag-policiales-arroyito","tag-policiales-online"],"_links":{"self":[{"href":"https:\/\/arroyitoonline.com.ar\/index.php?rest_route=\/wp\/v2\/posts\/2931","targetHints":{"allow":["GET"]}}],"collection":[{"href":"https:\/\/arroyitoonline.com.ar\/index.php?rest_route=\/wp\/v2\/posts"}],"about":[{"href":"https:\/\/arroyitoonline.com.ar\/index.php?rest_route=\/wp\/v2\/types\/post"}],"author":[{"embeddable":true,"href":"https:\/\/arroyitoonline.com.ar\/index.php?rest_route=\/wp\/v2\/users\/3"}],"replies":[{"embeddable":true,"href":"https:\/\/arroyitoonline.com.ar\/index.php?rest_route=%2Fwp%2Fv2%2Fcomments&post=2931"}],"version-history":[{"count":1,"href":"https:\/\/arroyitoonline.com.ar\/index.php?rest_route=\/wp\/v2\/posts\/2931\/revisions"}],"predecessor-version":[{"id":2933,"href":"https:\/\/arroyitoonline.com.ar\/index.php?rest_route=\/wp\/v2\/posts\/2931\/revisions\/2933"}],"wp:featuredmedia":[{"embeddable":true,"href":"https:\/\/arroyitoonline.com.ar\/index.php?rest_route=\/wp\/v2\/media\/2932"}],"wp:attachment":[{"href":"https:\/\/arroyitoonline.com.ar\/index.php?rest_route=%2Fwp%2Fv2%2Fmedia&parent=2931"}],"wp:term":[{"taxonomy":"category","embeddable":true,"href":"https:\/\/arroyitoonline.com.ar\/index.php?rest_route=%2Fwp%2Fv2%2Fcategories&post=2931"},{"taxonomy":"post_tag","embeddable":true,"href":"https:\/\/arroyitoonline.com.ar\/index.php?rest_route=%2Fwp%2Fv2%2Ftags&post=2931"}],"curies":[{"name":"wp","href":"https:\/\/api.w.org\/{rel}","templated":true}]}}