{"id":2957,"date":"2019-05-15T11:03:24","date_gmt":"2019-05-15T11:03:24","guid":{"rendered":"http:\/\/arroyitoonline.com.ar\/?p=2957"},"modified":"2019-05-15T14:52:35","modified_gmt":"2019-05-15T14:52:35","slug":"se-viene-el-tercer-encuentro-de-muralismo-arroyito","status":"publish","type":"post","link":"https:\/\/arroyitoonline.com.ar\/?p=2957","title":{"rendered":"Ahora s\u00ed, se viene el tercer Encuentro de Muralismo Arroyito"},"content":{"rendered":"\n<p><strong>Con dos ediciones anteriores exitosas regresa la propuesta de la artista visual Nina Moya, que llenar\u00e1 de color las paredes locales. <\/strong><\/p>\n\n\n\n<p>Los d\u00edas viernes 17, s\u00e1bado 18 y domingo 19 de mayo, y despu\u00e9s de su suspensi\u00f3n parcial por mal tiempo, se desarrollar\u00e1 en nuestra ciudad, el Tercer Encuentro de Muralismo Arroyito, proyecto a cargo de la Lic. en Artes Visuales, Andrea Nina Moya, profesora de la Casa de la Cultura.  <\/p>\n\n\n\n<p>Participar\u00e1n estudiantes de arte locales y artistas nacionales e internacionales, que intervendr\u00e1n muros y paredes. Adem\u00e1s recordemos que, entre el 26 y el 28 de abril, <a href=\"http:\/\/arroyitoonline.com.ar\/info-online\/cultura-y-espectaculos\/paso-un-fin-de-semana-a-puros-arte-y-cultura-en-arroyito\/\">algunos artistas ya hab\u00edan intervenido paredes internas de la Terminal de \u00d3mnibus<\/a>. <\/p>\n\n\n\n<p>El cierre ser\u00e1 el domingo 19, a partir de las 16:00 horas, en la Plaza 25 de Mayo, con m\u00fasica en vivo a cargo de la Escuela San Francisco Solano. <\/p>\n\n\n\n<figure class=\"wp-block-image\"><img loading=\"lazy\" decoding=\"async\" width=\"1024\" height=\"919\" src=\"http:\/\/arroyitoonline.com.ar\/wp-content\/uploads\/2019\/03\/tercer-encuentro-muralismo-arroyito-1024x919.jpg\" alt=\"\" class=\"wp-image-3720\" srcset=\"https:\/\/arroyitoonline.com.ar\/wp-content\/uploads\/2019\/03\/tercer-encuentro-muralismo-arroyito-1024x919.jpg 1024w, https:\/\/arroyitoonline.com.ar\/wp-content\/uploads\/2019\/03\/tercer-encuentro-muralismo-arroyito-300x269.jpg 300w, https:\/\/arroyitoonline.com.ar\/wp-content\/uploads\/2019\/03\/tercer-encuentro-muralismo-arroyito-768x689.jpg 768w, https:\/\/arroyitoonline.com.ar\/wp-content\/uploads\/2019\/03\/tercer-encuentro-muralismo-arroyito.jpg 1200w\" sizes=\"auto, (max-width: 1024px) 100vw, 1024px\" \/><figcaption><em>El cierre ser\u00e1 este domingo 19 a las 16:00 horas, en la Plaza 25 de Mayo, con m\u00fasica en vivo de la Escuela San Francisco Solano.<\/em><\/figcaption><\/figure>\n\n\n\n<p>Para informes y consultas comunicarse al correo electr\u00f3nico convoca.culturarroyito@gmail.com, o dirigirse con la profesora Andrea Moya en&nbsp;la Casa de la Cultura Municipal, en el horario de 8:00 a 19:00, los d\u00edas mi\u00e9rcoles y jueves.<\/p>\n\n\n\n<p>Fuente: Prensa Municipal. <\/p>\n\n\n\n<p>Foto de archivo: aloica.blogspot.com (mural pintado en la pared este de la Escuela Municipal de M\u00fasica ubicada en el Parque Ing. Romero). <\/p>\n","protected":false},"excerpt":{"rendered":"<p>Con dos ediciones anteriores exitosas regresa la propuesta de la artista visual Nina Moya, que llenar\u00e1 de color las paredes&hellip;<\/p>\n","protected":false},"author":3,"featured_media":2958,"comment_status":"closed","ping_status":"open","sticky":false,"template":"","format":"standard","meta":{"footnotes":""},"categories":[2],"tags":[66,67,836,70,158,259,864,917,557,572],"class_list":["post-2957","post","type-post","status-publish","format-standard","has-post-thumbnail","hentry","category-cultura-y-espectaculos","tag-arroyito","tag-arroyito-cordoba","tag-arroyito-online","tag-arte","tag-casa-de-la-cultura","tag-cultura","tag-cultura-y-espectaculos-online","tag-encuentro-muralismo-arroyito","tag-murales","tag-noticias-de-arroyito-y-zona"],"_links":{"self":[{"href":"https:\/\/arroyitoonline.com.ar\/index.php?rest_route=\/wp\/v2\/posts\/2957","targetHints":{"allow":["GET"]}}],"collection":[{"href":"https:\/\/arroyitoonline.com.ar\/index.php?rest_route=\/wp\/v2\/posts"}],"about":[{"href":"https:\/\/arroyitoonline.com.ar\/index.php?rest_route=\/wp\/v2\/types\/post"}],"author":[{"embeddable":true,"href":"https:\/\/arroyitoonline.com.ar\/index.php?rest_route=\/wp\/v2\/users\/3"}],"replies":[{"embeddable":true,"href":"https:\/\/arroyitoonline.com.ar\/index.php?rest_route=%2Fwp%2Fv2%2Fcomments&post=2957"}],"version-history":[{"count":2,"href":"https:\/\/arroyitoonline.com.ar\/index.php?rest_route=\/wp\/v2\/posts\/2957\/revisions"}],"predecessor-version":[{"id":3721,"href":"https:\/\/arroyitoonline.com.ar\/index.php?rest_route=\/wp\/v2\/posts\/2957\/revisions\/3721"}],"wp:featuredmedia":[{"embeddable":true,"href":"https:\/\/arroyitoonline.com.ar\/index.php?rest_route=\/wp\/v2\/media\/2958"}],"wp:attachment":[{"href":"https:\/\/arroyitoonline.com.ar\/index.php?rest_route=%2Fwp%2Fv2%2Fmedia&parent=2957"}],"wp:term":[{"taxonomy":"category","embeddable":true,"href":"https:\/\/arroyitoonline.com.ar\/index.php?rest_route=%2Fwp%2Fv2%2Fcategories&post=2957"},{"taxonomy":"post_tag","embeddable":true,"href":"https:\/\/arroyitoonline.com.ar\/index.php?rest_route=%2Fwp%2Fv2%2Ftags&post=2957"}],"curies":[{"name":"wp","href":"https:\/\/api.w.org\/{rel}","templated":true}]}}