{"id":2962,"date":"2019-03-21T18:33:29","date_gmt":"2019-03-21T18:33:29","guid":{"rendered":"http:\/\/arroyitoonline.com.ar\/?p=2962"},"modified":"2019-03-24T18:34:56","modified_gmt":"2019-03-24T18:34:56","slug":"las-soberanas-de-arroyito-estuvieron-en-el-festi-bal","status":"publish","type":"post","link":"https:\/\/arroyitoonline.com.ar\/?p=2962","title":{"rendered":"Las soberanas de Arroyito estuvieron en el Festi-Bal"},"content":{"rendered":"\n<p><strong>Las reinas de la Dulce Ciudad del Pa\u00eds 2018 participaron de la fiesta insignia de la localidad de Balneria. <\/strong><\/p>\n\n\n\n<p>El pasado s\u00e1bado 16 en Balnearia, se&nbsp;realiz\u00f3 una nueva edici\u00f3n del Festi-Bal, fiesta insignia de esa localidad, con un gran marco de p\u00fablico de toda la regi\u00f3n y una desatacada cartelera de artistas.<\/p>\n\n\n\n<p>En el evento estuvieron las soberanas de Arroyito representando a nuestra localidad. Asistieron la Reina Provincial de la Dulce Ciudad del Pa\u00eds 2018 Teresita Paz, la Reina local 2018 Virginia Paviotti y la Reina Itinerante 2018 Pamela Brochero.<\/p>\n\n\n\n<p>&#8220;Saludamos a las autoridades del&nbsp;Municipio de Balneria y agradecemos la invitaci\u00f3n a nuestras soberanas&#8221;, expresaron desde la administraci\u00f3n municipal de Arroyito. <\/p>\n\n\n\n<p>Fuente: Prensa Municipal. <\/p>\n","protected":false},"excerpt":{"rendered":"<p>Las reinas de la Dulce Ciudad del Pa\u00eds 2018 participaron de la fiesta insignia de la localidad de Balneria. El&hellip;<\/p>\n","protected":false},"author":3,"featured_media":2963,"comment_status":"closed","ping_status":"open","sticky":false,"template":"","format":"standard","meta":{"footnotes":""},"categories":[2,845],"tags":[66,67,836,94,259,864,373,555,556,847,679],"class_list":["post-2962","post","type-post","status-publish","format-standard","has-post-thumbnail","hentry","category-cultura-y-espectaculos","category-regionales-online","tag-arroyito","tag-arroyito-cordoba","tag-arroyito-online","tag-balnearia","tag-cultura","tag-cultura-y-espectaculos-online","tag-fiesta-de-la-dulce-ciudad","tag-municipalidad","tag-municipalidad-de-arroyito","tag-regionales-online","tag-reina"],"_links":{"self":[{"href":"https:\/\/arroyitoonline.com.ar\/index.php?rest_route=\/wp\/v2\/posts\/2962","targetHints":{"allow":["GET"]}}],"collection":[{"href":"https:\/\/arroyitoonline.com.ar\/index.php?rest_route=\/wp\/v2\/posts"}],"about":[{"href":"https:\/\/arroyitoonline.com.ar\/index.php?rest_route=\/wp\/v2\/types\/post"}],"author":[{"embeddable":true,"href":"https:\/\/arroyitoonline.com.ar\/index.php?rest_route=\/wp\/v2\/users\/3"}],"replies":[{"embeddable":true,"href":"https:\/\/arroyitoonline.com.ar\/index.php?rest_route=%2Fwp%2Fv2%2Fcomments&post=2962"}],"version-history":[{"count":2,"href":"https:\/\/arroyitoonline.com.ar\/index.php?rest_route=\/wp\/v2\/posts\/2962\/revisions"}],"predecessor-version":[{"id":2965,"href":"https:\/\/arroyitoonline.com.ar\/index.php?rest_route=\/wp\/v2\/posts\/2962\/revisions\/2965"}],"wp:featuredmedia":[{"embeddable":true,"href":"https:\/\/arroyitoonline.com.ar\/index.php?rest_route=\/wp\/v2\/media\/2963"}],"wp:attachment":[{"href":"https:\/\/arroyitoonline.com.ar\/index.php?rest_route=%2Fwp%2Fv2%2Fmedia&parent=2962"}],"wp:term":[{"taxonomy":"category","embeddable":true,"href":"https:\/\/arroyitoonline.com.ar\/index.php?rest_route=%2Fwp%2Fv2%2Fcategories&post=2962"},{"taxonomy":"post_tag","embeddable":true,"href":"https:\/\/arroyitoonline.com.ar\/index.php?rest_route=%2Fwp%2Fv2%2Ftags&post=2962"}],"curies":[{"name":"wp","href":"https:\/\/api.w.org\/{rel}","templated":true}]}}