{"id":2966,"date":"2019-03-24T19:40:51","date_gmt":"2019-03-24T19:40:51","guid":{"rendered":"http:\/\/arroyitoonline.com.ar\/?p=2966"},"modified":"2019-03-24T20:07:14","modified_gmt":"2019-03-24T20:07:14","slug":"llega-la-cuarta-edicion-del-rally-regional-a-arroyito","status":"publish","type":"post","link":"https:\/\/arroyitoonline.com.ar\/?p=2966","title":{"rendered":"LLega la cuarta edici\u00f3n del Rally Regional a Arroyito"},"content":{"rendered":"\n<p><strong>Este fin de semana se reedita uno de los eventos deportivos m\u00e1s esperados del a\u00f1o. La seguridad ser\u00e1 un tema clave para el disfrute de los participantes. Desde la organizaci\u00f3n aportan recomendaciones. <\/strong><\/p>\n\n\n\n<p>Los d\u00edas s\u00e1bado 30 y domingo 31 de marzo se concretar\u00e1 la segunda fecha del Cuarto Rally Regional en nuestra ciudad, y la seguridad ser\u00e1 un tema clave para que todo se desarrolle con total normalidad y quienes asistan disfruten de una nueva edici\u00f3n de esta fiesta del automovilismo.<\/p>\n\n\n\n<p>La competencia comenzar\u00e1 el s\u00e1bado 30 a las 19:30 horas, en el circuito demarcado por las inmediaciones del Balneario Municipal. Luego de una vuelta, cada uno de los veh\u00edculos se dirigir\u00e1 frente al municipio, donde estar\u00e1 erigida la rampa de largada. Desde all\u00ed, a las 21:30 horas, lanzar\u00e1n de manera oficial la segunda Fecha del Rally Regional en nuestra ciudad.<\/p>\n\n\n\n<p>El d\u00eda domingo 31 ser\u00e1 el de mayor actividad. A partir de las 9:00 horas comenzar\u00e1 a desarrollarse este significativo evento, con tramos de largada desde El Fuertecito, y por caminos rurales, hasta el cruce con ruta E-52, para que luego se haga enlace al segundo tramo, comprendido entre este lugar y casi la intersecci\u00f3n con ruta 19 por el tradicional y cl\u00e1sico camino a Los Membrillos.&nbsp;<\/p>\n\n\n\n<p>Adem\u00e1s habr\u00e1 dos tramos especiales, que se correr\u00e1n por el circuito demarcado por las inmediaciones del Balneario Municipal cerca de las 14:30 horas, dando por finalizado el espect\u00e1culo frente a la Municipalidad, en la rampa de premiaci\u00f3n.<\/p>\n\n\n\n<p>Cabe destacar que aquellos que trabajar\u00e1n en los lugares ser\u00e1n personas con vasta experiencia, por lo que, desde el Municipio, solicitan que se respeten a quienes estar\u00e1n a cargo del operativo, desde la Polic\u00eda hasta el personal que circule en los coches de seguridad (00 y 0).<\/p>\n\n\n\n<figure class=\"wp-block-image\"><img loading=\"lazy\" decoding=\"async\" width=\"723\" height=\"1024\" src=\"http:\/\/arroyitoonline.com.ar\/wp-content\/uploads\/2019\/03\/rally-2019-723x1024.jpg\" alt=\"\" class=\"wp-image-2968\" srcset=\"https:\/\/arroyitoonline.com.ar\/wp-content\/uploads\/2019\/03\/rally-2019-723x1024.jpg 723w, https:\/\/arroyitoonline.com.ar\/wp-content\/uploads\/2019\/03\/rally-2019-212x300.jpg 212w, https:\/\/arroyitoonline.com.ar\/wp-content\/uploads\/2019\/03\/rally-2019-768x1087.jpg 768w, https:\/\/arroyitoonline.com.ar\/wp-content\/uploads\/2019\/03\/rally-2019.jpg 904w\" sizes=\"auto, (max-width: 723px) 100vw, 723px\" \/><figcaption><em>Se viene la 4\u00aa edici\u00f3n del Rally Regional.<\/em><\/figcaption><\/figure>\n\n\n\n<p>A continuaci\u00f3n, algunas de las recomendaciones de car\u00e1cter OBLIGATORIAS para los participantes:<\/p>\n\n\n\n<p>1 &#8211; No conduzcas un veh\u00edculo si consumiste alcohol. Design\u00e1 un conductor responsable para ello.<\/p>\n\n\n\n<p>2 &#8211; Por ning\u00fan motivo imites a los pilotos, ellos lo hacen en autos preparados con la seguridad y con la indumentaria correspondientes que los resguardan de cualquier incidente.<br><\/p>\n\n\n\n<p>3 &#8211; No te ubiques en las zonas que est\u00e9n demarcadas con la cinta de peligro.<\/p>\n\n\n\n<p>4 &#8211; Manten\u00e9 a los menores cerca de donde est\u00e9s, en un lugar seguro y alejado del camino.<\/p>\n\n\n\n<p>5 &#8211; Si llev\u00e1s mascota, que est\u00e9 con correa bajo tu resguardo y no suelta.<\/p>\n\n\n\n<p>6 &#8211; No hagas fuego.<\/p>\n\n\n\n<p>7 &#8211; Ingres\u00e1 a los tramos antes de la hora pactada.<\/p>\n\n\n\n<p>8 &#8211; No dejes residuos. Llevalos con vos en bolsas hasta depositarlos en recipientes adecuados.<\/p>\n\n\n\n<p>9 &#8211; En caso de accidente de un veh\u00edculo de competencia, no te re\u00fanas en torno al rodado.<\/p>\n\n\n\n<p>10 &#8211; Abandon\u00e1 el sector una vez que pase el coche de \u201cbarrido\u201d. Este saldr\u00e1 minutos despu\u00e9s del \u00faltimo veh\u00edculo de competencia.<\/p>\n\n\n\n<p>Foto de archivo 2018: Agust\u00edn C\u00f3rdoba. <\/p>\n\n\n\n<p>Fuente: Prensa Municipal. <\/p>\n","protected":false},"excerpt":{"rendered":"<p>Este fin de semana se reedita uno de los eventos deportivos m\u00e1s esperados del a\u00f1o. La seguridad ser\u00e1 un tema&hellip;<\/p>\n","protected":false},"author":3,"featured_media":2967,"comment_status":"closed","ping_status":"open","sticky":false,"template":"","format":"standard","meta":{"footnotes":""},"categories":[3],"tags":[66,67,836,84,85,276,277,555,556,572,672],"class_list":["post-2966","post","type-post","status-publish","format-standard","has-post-thumbnail","hentry","category-infodeporte","tag-arroyito","tag-arroyito-cordoba","tag-arroyito-online","tag-automotor","tag-automovilismo","tag-deporte","tag-deportes","tag-municipalidad","tag-municipalidad-de-arroyito","tag-noticias-de-arroyito-y-zona","tag-rally"],"_links":{"self":[{"href":"https:\/\/arroyitoonline.com.ar\/index.php?rest_route=\/wp\/v2\/posts\/2966","targetHints":{"allow":["GET"]}}],"collection":[{"href":"https:\/\/arroyitoonline.com.ar\/index.php?rest_route=\/wp\/v2\/posts"}],"about":[{"href":"https:\/\/arroyitoonline.com.ar\/index.php?rest_route=\/wp\/v2\/types\/post"}],"author":[{"embeddable":true,"href":"https:\/\/arroyitoonline.com.ar\/index.php?rest_route=\/wp\/v2\/users\/3"}],"replies":[{"embeddable":true,"href":"https:\/\/arroyitoonline.com.ar\/index.php?rest_route=%2Fwp%2Fv2%2Fcomments&post=2966"}],"version-history":[{"count":3,"href":"https:\/\/arroyitoonline.com.ar\/index.php?rest_route=\/wp\/v2\/posts\/2966\/revisions"}],"predecessor-version":[{"id":2974,"href":"https:\/\/arroyitoonline.com.ar\/index.php?rest_route=\/wp\/v2\/posts\/2966\/revisions\/2974"}],"wp:featuredmedia":[{"embeddable":true,"href":"https:\/\/arroyitoonline.com.ar\/index.php?rest_route=\/wp\/v2\/media\/2967"}],"wp:attachment":[{"href":"https:\/\/arroyitoonline.com.ar\/index.php?rest_route=%2Fwp%2Fv2%2Fmedia&parent=2966"}],"wp:term":[{"taxonomy":"category","embeddable":true,"href":"https:\/\/arroyitoonline.com.ar\/index.php?rest_route=%2Fwp%2Fv2%2Fcategories&post=2966"},{"taxonomy":"post_tag","embeddable":true,"href":"https:\/\/arroyitoonline.com.ar\/index.php?rest_route=%2Fwp%2Fv2%2Ftags&post=2966"}],"curies":[{"name":"wp","href":"https:\/\/api.w.org\/{rel}","templated":true}]}}