{"id":2971,"date":"2019-03-24T19:58:11","date_gmt":"2019-03-24T19:58:11","guid":{"rendered":"http:\/\/arroyitoonline.com.ar\/?p=2971"},"modified":"2019-03-24T19:58:12","modified_gmt":"2019-03-24T19:58:12","slug":"el-ipetaym-68-fue-sede-del-acto-oficial-por-el-dia-de-la-memoria","status":"publish","type":"post","link":"https:\/\/arroyitoonline.com.ar\/?p=2971","title":{"rendered":"El Ipetaym 68 fue sede del acto oficial por el D\u00eda de la Memoria"},"content":{"rendered":"\n<p><strong>La escuela t\u00e9cnica, que cuenta con nuevas autoridades, prest\u00f3 sus instalaciones para el recuerdo de la p\u00e1gina m\u00e1s oscura de la historia nacional. <\/strong><\/p>\n\n\n\n<p>El viernes 22 por la ma\u00f1ana en el Ipetaym N\u00b0 68 se desarroll\u00f3 el acto oficial en conmemoraci\u00f3n al D\u00eda de la Memoria, por la Verdad y la Justicia.<\/p>\n\n\n\n<p>El evento se realiz\u00f3 en el sal\u00f3n multiusos con la presencia de la viceintendente Graciela Tristany, el secretario de Obras P\u00fablicas Daniel Lafarina y la directora de Cultura Viviana Sam Sam, junto a las flamantes autoridades anfitrionas: el director Carlos Goncebat y la vicedirectora Ana Taborda Ovejero, adem\u00e1s de profesores, alumnos y la comisi\u00f3n cooperadora de la instituci\u00f3n.\u00a0<\/p>\n\n\n\n<p>En la oportunidad, funcionarios municipales obsequiaron la Bandera de Ceremonias de Arroyito al establecimiento educativo. Luego recordaron el 43\u00ba aniversario del golpe de Estado c\u00edvico militar de 1976 y vieron un video en alusi\u00f3n a la p\u00e1gina m\u00e1s oscura de la historia nacional. <\/p>\n\n\n\n<p>Finalizado el evento, las autoridades educativas acompa\u00f1aron a sus invitados a una recorrida por las instalaciones. <\/p>\n\n\n\n<p>Fuente: Prensa Municipal. <\/p>\n","protected":false},"excerpt":{"rendered":"<p>La escuela t\u00e9cnica, que cuenta con nuevas autoridades, prest\u00f3 sus instalaciones para el recuerdo de la p\u00e1gina m\u00e1s oscura de&hellip;<\/p>\n","protected":false},"author":3,"featured_media":2972,"comment_status":"closed","ping_status":"open","sticky":false,"template":"","format":"standard","meta":{"footnotes":""},"categories":[830],"tags":[66,67,836,288,294,310,837,555,556],"class_list":["post-2971","post","type-post","status-publish","format-standard","has-post-thumbnail","hentry","category-educacion-online","tag-arroyito","tag-arroyito-cordoba","tag-arroyito-online","tag-dia-de-la-memoria","tag-dictadura","tag-educacion","tag-lafarina","tag-municipalidad","tag-municipalidad-de-arroyito"],"_links":{"self":[{"href":"https:\/\/arroyitoonline.com.ar\/index.php?rest_route=\/wp\/v2\/posts\/2971","targetHints":{"allow":["GET"]}}],"collection":[{"href":"https:\/\/arroyitoonline.com.ar\/index.php?rest_route=\/wp\/v2\/posts"}],"about":[{"href":"https:\/\/arroyitoonline.com.ar\/index.php?rest_route=\/wp\/v2\/types\/post"}],"author":[{"embeddable":true,"href":"https:\/\/arroyitoonline.com.ar\/index.php?rest_route=\/wp\/v2\/users\/3"}],"replies":[{"embeddable":true,"href":"https:\/\/arroyitoonline.com.ar\/index.php?rest_route=%2Fwp%2Fv2%2Fcomments&post=2971"}],"version-history":[{"count":1,"href":"https:\/\/arroyitoonline.com.ar\/index.php?rest_route=\/wp\/v2\/posts\/2971\/revisions"}],"predecessor-version":[{"id":2973,"href":"https:\/\/arroyitoonline.com.ar\/index.php?rest_route=\/wp\/v2\/posts\/2971\/revisions\/2973"}],"wp:featuredmedia":[{"embeddable":true,"href":"https:\/\/arroyitoonline.com.ar\/index.php?rest_route=\/wp\/v2\/media\/2972"}],"wp:attachment":[{"href":"https:\/\/arroyitoonline.com.ar\/index.php?rest_route=%2Fwp%2Fv2%2Fmedia&parent=2971"}],"wp:term":[{"taxonomy":"category","embeddable":true,"href":"https:\/\/arroyitoonline.com.ar\/index.php?rest_route=%2Fwp%2Fv2%2Fcategories&post=2971"},{"taxonomy":"post_tag","embeddable":true,"href":"https:\/\/arroyitoonline.com.ar\/index.php?rest_route=%2Fwp%2Fv2%2Ftags&post=2971"}],"curies":[{"name":"wp","href":"https:\/\/api.w.org\/{rel}","templated":true}]}}