{"id":2975,"date":"2019-03-24T23:41:44","date_gmt":"2019-03-24T23:41:44","guid":{"rendered":"http:\/\/arroyitoonline.com.ar\/?p=2975"},"modified":"2019-03-25T01:07:23","modified_gmt":"2019-03-25T01:07:23","slug":"24-de-marzo-repudio-por-un-graffiti-a-favor-de-los-genocidas","status":"publish","type":"post","link":"https:\/\/arroyitoonline.com.ar\/?p=2975","title":{"rendered":"24 de Marzo: repudio por un graffiti a favor de los genocidas"},"content":{"rendered":"\n<p><strong>La referente de la Subdelegaci\u00f3n de DDHH de la Naci\u00f3n en Arroyito, Marlene Baronetto, dijo que la pintada es apolog\u00eda del delito.<\/strong><\/p>\n\n\n\n<p>Esta tarde, el grupo Somos pocos estamos todos conmemor\u00f3 el D\u00eda de la Memoria, por la Verdad y la Justicia, como lo hace desde hace 19 a\u00f1os, en la Plaza de los Homenajes. <\/p>\n\n\n\n<p>Pero grande fue la sorpresa de sus miembros cuando llegaron al espacio p\u00fablico, ya que encontraron un graffiti que reivindica a los genocidas de 1976.<\/p>\n\n\n\n<p>En tiza blanca sobre las baldosas grises que se encuentran al pie del monumento que recuerda a los detenidos desaparecidos de Arroyito puede leerse <em>&#8220;Men\u00e9ndez h\u00e9roe Videla santo subversivo asesino DDHH delincuentes&#8221;<\/em>. <\/p>\n\n\n\n<p><\/p>\n\n\n\n<p>En este sentido, la referente de la Subdelegaci\u00f3n local de Derechos Humanos de la Naci\u00f3n -que abarca a todo el interior de C\u00f3rdoba y funciona en la Casa de la Cultura-, Marlene Baronetto, quien participaba de la mateada y radio abierta, expres\u00f3 su repudio.<\/p>\n\n\n\n<figure class=\"wp-block-video\"><video height=\"1080\" style=\"aspect-ratio: 1080 \/ 1080;\" width=\"1080\" controls src=\"http:\/\/arroyitoonline.com.ar\/wp-content\/uploads\/2019\/03\/InShot_20190324_204836813.mp4\"><\/video><figcaption><em>Las palabras de Marlene Baronetto.<\/em><\/figcaption><\/figure>\n\n\n\n<p><em>&#8220;La escritura en el piso de la plaza ha sido una apolog\u00eda al delito que fue el genocidio argentino de la dictadura del 24 de marzo de 1976. Esperemos que eso no ocurra nunca m\u00e1s y que la gente tome consciencia y respete la diversidad de pensamientos y que tambi\u00e9n respete a los familiares que han tenido muertos y desaparecidos en manos del Estado&#8221;,&nbsp;afirm\u00f3 Baronetto. &nbsp;<\/em><\/p>\n\n\n\n<p>Por su parte, consultados por <strong>Arroyito Online<\/strong>, habitantes del sector presentes en el evento informaron que el graffiti debi\u00f3 realizarse entre las 12:30 y las 14:00 horas de hoy, ya que antes y despu\u00e9s de ese horario hab\u00eda personas en la plaza, y ninguno de ellos observ\u00f3 al autor del hecho de vandalismo.<\/p>\n\n\n\n<p>Adem\u00e1s, los vecinos aprovecharon la oportunidad para reclamarle al Municipio la colocaci\u00f3n de alguna c\u00e1mara de videovigilancia en la zona, a modo preventivo y para ayudar en el esclarecimiento de los delitos cometidos. <\/p>\n\n\n\n<p>Foto: Micaela Ghione para Arroyito Online.<\/p>\n","protected":false},"excerpt":{"rendered":"<p>La referente de la Subdelegaci\u00f3n de DDHH de la Naci\u00f3n en Arroyito, Marlene Baronetto, dijo que la pintada es apolog\u00eda&hellip;<\/p>\n","protected":false},"author":3,"featured_media":2988,"comment_status":"closed","ping_status":"open","sticky":false,"template":"","format":"standard","meta":{"footnotes":""},"categories":[8],"tags":[919,66,67,836,288,294,572,640,918,916],"class_list":["post-2975","post","type-post","status-publish","format-standard","has-post-thumbnail","hentry","category-politica","tag-24-de-marzo","tag-arroyito","tag-arroyito-cordoba","tag-arroyito-online","tag-dia-de-la-memoria","tag-dictadura","tag-noticias-de-arroyito-y-zona","tag-politica","tag-politica-online","tag-vandalismo"],"_links":{"self":[{"href":"https:\/\/arroyitoonline.com.ar\/index.php?rest_route=\/wp\/v2\/posts\/2975","targetHints":{"allow":["GET"]}}],"collection":[{"href":"https:\/\/arroyitoonline.com.ar\/index.php?rest_route=\/wp\/v2\/posts"}],"about":[{"href":"https:\/\/arroyitoonline.com.ar\/index.php?rest_route=\/wp\/v2\/types\/post"}],"author":[{"embeddable":true,"href":"https:\/\/arroyitoonline.com.ar\/index.php?rest_route=\/wp\/v2\/users\/3"}],"replies":[{"embeddable":true,"href":"https:\/\/arroyitoonline.com.ar\/index.php?rest_route=%2Fwp%2Fv2%2Fcomments&post=2975"}],"version-history":[{"count":8,"href":"https:\/\/arroyitoonline.com.ar\/index.php?rest_route=\/wp\/v2\/posts\/2975\/revisions"}],"predecessor-version":[{"id":2989,"href":"https:\/\/arroyitoonline.com.ar\/index.php?rest_route=\/wp\/v2\/posts\/2975\/revisions\/2989"}],"wp:featuredmedia":[{"embeddable":true,"href":"https:\/\/arroyitoonline.com.ar\/index.php?rest_route=\/wp\/v2\/media\/2988"}],"wp:attachment":[{"href":"https:\/\/arroyitoonline.com.ar\/index.php?rest_route=%2Fwp%2Fv2%2Fmedia&parent=2975"}],"wp:term":[{"taxonomy":"category","embeddable":true,"href":"https:\/\/arroyitoonline.com.ar\/index.php?rest_route=%2Fwp%2Fv2%2Fcategories&post=2975"},{"taxonomy":"post_tag","embeddable":true,"href":"https:\/\/arroyitoonline.com.ar\/index.php?rest_route=%2Fwp%2Fv2%2Ftags&post=2975"}],"curies":[{"name":"wp","href":"https:\/\/api.w.org\/{rel}","templated":true}]}}