{"id":2995,"date":"2019-03-19T15:35:04","date_gmt":"2019-03-19T15:35:04","guid":{"rendered":"http:\/\/arroyitoonline.com.ar\/?p=2995"},"modified":"2019-03-26T13:14:10","modified_gmt":"2019-03-26T13:14:10","slug":"el-concejo-deliberante-aprobo-la-licitacion-para-el-desague-de-rafael-bianchi","status":"publish","type":"post","link":"https:\/\/arroyitoonline.com.ar\/?p=2995","title":{"rendered":"El Concejo Deliberante aprob\u00f3 la licitaci\u00f3n para el desag\u00fce de Rafael Bianchi"},"content":{"rendered":"\n<p><strong>La obra ir\u00e1 desde el\nR\u00edo hasta R. Boetto. El Vecinalismo pidi\u00f3 que se ampliara hasta Vaudagna, pero\nel Oficialismo dijo no. Otros proyectos fueron enviados a Comisi\u00f3n.<\/strong><\/p>\n\n\n\n<p>El pasado jueves 14 de marzo, el Concejo Deliberante de la\nciudad de Arroyito volvi\u00f3 a reunirse en Sesi\u00f3n Ordinaria, tras el receso de\nverano. Con clima de a\u00f1o electoral y varios potenciales candidatos en los\nBloques partidarios, se desarroll\u00f3 una caldeada reuni\u00f3n, donde las discusiones\nestuvieron a la orden del d\u00eda.<\/p>\n\n\n\n<p>En primer lugar trataron el Proyecto de Ordenanza:&nbsp;<em>\u201cAutorizaci\u00f3n\nal Departamento Ejecutivo Municipal para realizar compensaci\u00f3n de partidas del Presupuesto\nGeneral de Gastos y C\u00e1lculo de Recursos a\u00f1o 2019\u201d<\/em>, presentado por el Departamento\nEjecutivo Municipal. Sin el art\u00edculo 64 en el Presupuesto, el intendente envi\u00f3 al\ncuerpo deliberativo este proyecto que, de ser aprobado, le dar\u00eda al Ejecutivo\nsimilares atribuciones para que Cravero&nbsp;\ny su equipo de gobierno compensen partidas de rubros afines, de acuerdo\na los avatares por los que pase el Municipio. <\/p>\n\n\n\n<figure class=\"wp-block-embed-facebook wp-block-embed is-type-video is-provider-facebook\"><div class=\"wp-block-embed__wrapper\">\nhttps:\/\/www.facebook.com\/arroyitoonlineoficial\/videos\/304320246919068\/\n<\/div><figcaption><em>La Sesi\u00f3n Ordinaria completa, transmisi\u00f3n en tiempo real de Arroyito Online. <\/em><\/figcaption><\/figure>\n\n\n\n<p>Por su parte, los Proyectos de Ordenanzas:&nbsp;<em>\u201cLlamado a Licitaci\u00f3n P\u00fablica N\u00b0 01\/2.019 para contratar la ejecuci\u00f3n de la obra: Desag\u00fces pluviales. Obras de primera etapa desag\u00fces por calle Rafael Bianchi. Tramo desde costa R\u00edo Xanaes hasta calle Ricardo Boetto\u201d <\/em>y <strong><em>\u201c<\/em><\/strong><em>Llamado a Licitaci\u00f3n P\u00fablica N\u00b0 02\/2019 para la provisi\u00f3n de ca\u00f1os para la Obra de primera etapa: Desag\u00fce pluvial por calle Rafael Bianchi\u201d<\/em>, presentados por el Departamento Ejecutivo Municipal, se trataron en conjunto.<\/p>\n\n\n\n<p>Fueron aprobados por unanimidad, pero con modificaciones. Aunque, antes de la emisi\u00f3n de su voto positivo, los ediles del Vecinalismo Independiente, Wilson Genesio y Juan Jos\u00e9 Sileone, solicitaron que se ampl\u00ede el alcance de la obra llegando hasta Av. Marcial Vaudagna, el pedido fue denegado por el Oficialismo. <\/p>\n\n\n\n<p>Tambi\u00e9n los Proyectos de Ordenanzas <em>\u201cRatificaci\u00f3n del Convenio de Adhesi\u00f3n Provincia\u2013Municipios al r\u00e9gimen de provisi\u00f3n del Boleto Educativo Gratuito Rural de la Provincia de C\u00f3rdoba\u201d<\/em>, presentado por el Departamento Ejecutivo Municipal, y \u201cSillas de ruedas en ingresos de dependencias municipales, provinciales, nacionales, centros educativos, entidades bancarias, cooperativas, supermercados\u201d (Con despacho favorable de comisi\u00f3n), presentado por el concejal Marcelo Ferrero, del Bloque Uni\u00f3n por C\u00f3rdoba, resultaron aprobados por unanimidad.<\/p>\n\n\n\n<p>Por \u00faltimo, y tras la concreci\u00f3n de un cuarto intermedio de 20 minutos, entre todos los Bloques, el Proyecto de Ordenanza&nbsp;<em>\u201cVariaci\u00f3n en la aplicaci\u00f3n del reajuste de valor de las cuotas en los Planes de Vivienda Plan Casa y Plan Casa Social\u201d<\/em>, presentado por el Departamento Ejecutivo Municipal, fue enviado a Comisi\u00f3n por unanimidad, para su an\u00e1lisis, generando un malestar entre adherentes y propietarios que se hab\u00edan acercado al recinto. <\/p>\n\n\n\n<p>Foto de archivo: Benjam\u00edn Farnochi para Arroyito Online. <\/p>\n","protected":false},"excerpt":{"rendered":"<p>La obra ir\u00e1 desde el R\u00edo hasta R. Boetto. El Vecinalismo pidi\u00f3 que se ampliara hasta Vaudagna, pero el Oficialismo&hellip;<\/p>\n","protected":false},"author":3,"featured_media":2996,"comment_status":"closed","ping_status":"open","sticky":false,"template":"","format":"standard","meta":{"footnotes":""},"categories":[920],"tags":[66,67,124,891,226,227,280,555,556,572,577,578,649],"class_list":["post-2995","post","type-post","status-publish","format-standard","has-post-thumbnail","hentry","category-concejo-deliberante-online","tag-arroyito","tag-arroyito-cordoba","tag-boleto-educativo-gratuito","tag-concejales","tag-concejo","tag-concejo-deliberante","tag-desagues","tag-municipalidad","tag-municipalidad-de-arroyito","tag-noticias-de-arroyito-y-zona","tag-obras-hidricas","tag-obras-publicas","tag-presupuesto"],"_links":{"self":[{"href":"https:\/\/arroyitoonline.com.ar\/index.php?rest_route=\/wp\/v2\/posts\/2995","targetHints":{"allow":["GET"]}}],"collection":[{"href":"https:\/\/arroyitoonline.com.ar\/index.php?rest_route=\/wp\/v2\/posts"}],"about":[{"href":"https:\/\/arroyitoonline.com.ar\/index.php?rest_route=\/wp\/v2\/types\/post"}],"author":[{"embeddable":true,"href":"https:\/\/arroyitoonline.com.ar\/index.php?rest_route=\/wp\/v2\/users\/3"}],"replies":[{"embeddable":true,"href":"https:\/\/arroyitoonline.com.ar\/index.php?rest_route=%2Fwp%2Fv2%2Fcomments&post=2995"}],"version-history":[{"count":3,"href":"https:\/\/arroyitoonline.com.ar\/index.php?rest_route=\/wp\/v2\/posts\/2995\/revisions"}],"predecessor-version":[{"id":3021,"href":"https:\/\/arroyitoonline.com.ar\/index.php?rest_route=\/wp\/v2\/posts\/2995\/revisions\/3021"}],"wp:featuredmedia":[{"embeddable":true,"href":"https:\/\/arroyitoonline.com.ar\/index.php?rest_route=\/wp\/v2\/media\/2996"}],"wp:attachment":[{"href":"https:\/\/arroyitoonline.com.ar\/index.php?rest_route=%2Fwp%2Fv2%2Fmedia&parent=2995"}],"wp:term":[{"taxonomy":"category","embeddable":true,"href":"https:\/\/arroyitoonline.com.ar\/index.php?rest_route=%2Fwp%2Fv2%2Fcategories&post=2995"},{"taxonomy":"post_tag","embeddable":true,"href":"https:\/\/arroyitoonline.com.ar\/index.php?rest_route=%2Fwp%2Fv2%2Ftags&post=2995"}],"curies":[{"name":"wp","href":"https:\/\/api.w.org\/{rel}","templated":true}]}}