{"id":3004,"date":"2019-03-26T03:03:29","date_gmt":"2019-03-26T03:03:29","guid":{"rendered":"http:\/\/arroyitoonline.com.ar\/?p=3004"},"modified":"2019-03-26T03:10:41","modified_gmt":"2019-03-26T03:10:41","slug":"amenazo-a-su-familia-con-un-cuchillo-y-quiso-fugarse-de-la-policia","status":"publish","type":"post","link":"https:\/\/arroyitoonline.com.ar\/?p=3004","title":{"rendered":"Amenaz\u00f3 a su familia con un cuchillo y quiso fugarse de la Polic\u00eda"},"content":{"rendered":"\n<p><strong>Una llamada al 101 alert\u00f3\nsobre problemas familiares en una vivienda del sector norte. Los uniformados detuvieron\nal joven por presunta resistencia a la autoridad. <\/strong><\/p>\n\n\n\n<p>A las 20:00 horas del s\u00e1bado pasado, un llamado al 101 por problemas familiares alert\u00f3 de que, en la intersecci\u00f3n de las calles Ram\u00f3n Cabrera y Mario Seveso, un joven se encontraba alterado mientras agarraba un cuchillo.<\/p>\n\n\n\n<p>Una vez en el lugar, personal policial de guardia observ\u00f3 al sujeto en cuesti\u00f3n caminando a una cuadra de la casa e intent\u00f3 entrevistarlo.<\/p>\n\n\n\n<p>El hombre de 26 a\u00f1os emprendi\u00f3 la fuga siendo alcanzado por los uniformados a unas dos cuadras del lugar, por avenida Vaudagna, que lograron reducirlo y aprehenderlo. <\/p>\n\n\n\n<p>Una vez trasladado a la Comisar\u00eda lo identificaron. Tras la consulta con la Unidad Judicial, el joven qued\u00f3 alojado en la dependencia por supuesto autor de resistencia a la autoridad, a disposici\u00f3n de la Fiscal\u00eda de Instrucci\u00f3n local labr\u00e1ndose las correspondientes actuaciones sumariales. <\/p>\n\n\n\n<p>Fuente: informe del comisario Clever Salguero.  <\/p>\n\n\n\n<p>\n\nSi padec\u00e9s alg\u00fan tipo de maltrato comunicate con la l\u00ednea gratuita de contenci\u00f3n, informaci\u00f3n y asesoramiento para la prevenci\u00f3n de la violencia de g\u00e9nero. Llam\u00e1 al&nbsp;<strong>144<\/strong>. Ped\u00ed ayuda, es el primer paso.\n\n<\/p>\n\n\n\n<p>Imagen solo a modo ilustrativo.<\/p>\n","protected":false},"excerpt":{"rendered":"<p>Una llamada al 101 alert\u00f3 sobre problemas familiares en una vivienda del sector norte. Los uniformados detuvieron al joven por&hellip;<\/p>\n","protected":false},"author":3,"featured_media":1809,"comment_status":"closed","ping_status":"open","sticky":false,"template":"","format":"standard","meta":{"footnotes":""},"categories":[824],"tags":[921,66,67,836,271,572,635,637,638,825,808,809,810],"class_list":["post-3004","post","type-post","status-publish","format-standard","has-post-thumbnail","hentry","category-policiales-online","tag-amenaza","tag-arroyito","tag-arroyito-cordoba","tag-arroyito-online","tag-delitos","tag-noticias-de-arroyito-y-zona","tag-policia","tag-policiales","tag-policiales-arroyito","tag-policiales-online","tag-violencia","tag-violencia-de-genero","tag-violencia-familiar"],"_links":{"self":[{"href":"https:\/\/arroyitoonline.com.ar\/index.php?rest_route=\/wp\/v2\/posts\/3004","targetHints":{"allow":["GET"]}}],"collection":[{"href":"https:\/\/arroyitoonline.com.ar\/index.php?rest_route=\/wp\/v2\/posts"}],"about":[{"href":"https:\/\/arroyitoonline.com.ar\/index.php?rest_route=\/wp\/v2\/types\/post"}],"author":[{"embeddable":true,"href":"https:\/\/arroyitoonline.com.ar\/index.php?rest_route=\/wp\/v2\/users\/3"}],"replies":[{"embeddable":true,"href":"https:\/\/arroyitoonline.com.ar\/index.php?rest_route=%2Fwp%2Fv2%2Fcomments&post=3004"}],"version-history":[{"count":2,"href":"https:\/\/arroyitoonline.com.ar\/index.php?rest_route=\/wp\/v2\/posts\/3004\/revisions"}],"predecessor-version":[{"id":3006,"href":"https:\/\/arroyitoonline.com.ar\/index.php?rest_route=\/wp\/v2\/posts\/3004\/revisions\/3006"}],"wp:featuredmedia":[{"embeddable":true,"href":"https:\/\/arroyitoonline.com.ar\/index.php?rest_route=\/wp\/v2\/media\/1809"}],"wp:attachment":[{"href":"https:\/\/arroyitoonline.com.ar\/index.php?rest_route=%2Fwp%2Fv2%2Fmedia&parent=3004"}],"wp:term":[{"taxonomy":"category","embeddable":true,"href":"https:\/\/arroyitoonline.com.ar\/index.php?rest_route=%2Fwp%2Fv2%2Fcategories&post=3004"},{"taxonomy":"post_tag","embeddable":true,"href":"https:\/\/arroyitoonline.com.ar\/index.php?rest_route=%2Fwp%2Fv2%2Ftags&post=3004"}],"curies":[{"name":"wp","href":"https:\/\/api.w.org\/{rel}","templated":true}]}}