{"id":3007,"date":"2019-03-26T03:31:41","date_gmt":"2019-03-26T03:31:41","guid":{"rendered":"http:\/\/arroyitoonline.com.ar\/?p=3007"},"modified":"2019-03-26T03:35:39","modified_gmt":"2019-03-26T03:35:39","slug":"golpeaba-a-una-mujer-y-fue-detenido","status":"publish","type":"post","link":"https:\/\/arroyitoonline.com.ar\/?p=3007","title":{"rendered":"Golpeaba a una mujer en un auto y fue detenido"},"content":{"rendered":"\n<p><strong>El hecho de violencia se\nprodujo en el interior de un Ford K bord\u00f3 estacionado sobre la calle P\u00edndaro\nLudue\u00f1a. <\/strong><\/p>\n\n\n\n<p>A las 7:15 horas del domingo, llamados al 101 alertaron sobre la presencia un Ford K color bord\u00f3, donde un hombre golpeaba a una mujer, mientras ella hac\u00eda maniobras para bajarse del auto. <\/p>\n\n\n\n<p>Por consiguiente, la Polic\u00eda realiz\u00f3 un recorrido en\nm\u00f3viles y dio con el rodado en P\u00edndaro Ludue\u00f1a N\u00ba 246. Los uniformados\nredujeron al masculino y trasladaron a ambos a la Comisar\u00eda, donde fueron\nidentificados. \u00c9l tiene 26 y ella 22 a\u00f1os. <\/p>\n\n\n\n<p>Acto seguido, el joven qued\u00f3 alojado en la dependencia a disposici\u00f3n de la Fiscal\u00eda de Instrucci\u00f3n local entregando el procedimiento en la Unidad Judicial.  <\/p>\n\n\n\n<p>Fuente: informe del comisario Clever Salguero. <\/p>\n\n\n\n<p>Si padec\u00e9s alg\u00fan tipo de maltrato comunicate con la l\u00ednea gratuita de contenci\u00f3n, informaci\u00f3n y asesoramiento para la prevenci\u00f3n de la violencia de g\u00e9nero. Llam\u00e1 al 144. Ped\u00ed ayuda, es el primer paso. <\/p>\n\n\n\n<p>Foto solo a modo ilustrativo.<\/p>\n","protected":false},"excerpt":{"rendered":"<p>El hecho de violencia se produjo en el interior de un Ford K bord\u00f3 estacionado sobre la calle P\u00edndaro Ludue\u00f1a.&hellip;<\/p>\n","protected":false},"author":3,"featured_media":2355,"comment_status":"closed","ping_status":"open","sticky":false,"template":"","format":"standard","meta":{"footnotes":""},"categories":[824],"tags":[66,67,836,572,635,637,638,825,808,809],"class_list":["post-3007","post","type-post","status-publish","format-standard","has-post-thumbnail","hentry","category-policiales-online","tag-arroyito","tag-arroyito-cordoba","tag-arroyito-online","tag-noticias-de-arroyito-y-zona","tag-policia","tag-policiales","tag-policiales-arroyito","tag-policiales-online","tag-violencia","tag-violencia-de-genero"],"_links":{"self":[{"href":"https:\/\/arroyitoonline.com.ar\/index.php?rest_route=\/wp\/v2\/posts\/3007","targetHints":{"allow":["GET"]}}],"collection":[{"href":"https:\/\/arroyitoonline.com.ar\/index.php?rest_route=\/wp\/v2\/posts"}],"about":[{"href":"https:\/\/arroyitoonline.com.ar\/index.php?rest_route=\/wp\/v2\/types\/post"}],"author":[{"embeddable":true,"href":"https:\/\/arroyitoonline.com.ar\/index.php?rest_route=\/wp\/v2\/users\/3"}],"replies":[{"embeddable":true,"href":"https:\/\/arroyitoonline.com.ar\/index.php?rest_route=%2Fwp%2Fv2%2Fcomments&post=3007"}],"version-history":[{"count":2,"href":"https:\/\/arroyitoonline.com.ar\/index.php?rest_route=\/wp\/v2\/posts\/3007\/revisions"}],"predecessor-version":[{"id":3009,"href":"https:\/\/arroyitoonline.com.ar\/index.php?rest_route=\/wp\/v2\/posts\/3007\/revisions\/3009"}],"wp:featuredmedia":[{"embeddable":true,"href":"https:\/\/arroyitoonline.com.ar\/index.php?rest_route=\/wp\/v2\/media\/2355"}],"wp:attachment":[{"href":"https:\/\/arroyitoonline.com.ar\/index.php?rest_route=%2Fwp%2Fv2%2Fmedia&parent=3007"}],"wp:term":[{"taxonomy":"category","embeddable":true,"href":"https:\/\/arroyitoonline.com.ar\/index.php?rest_route=%2Fwp%2Fv2%2Fcategories&post=3007"},{"taxonomy":"post_tag","embeddable":true,"href":"https:\/\/arroyitoonline.com.ar\/index.php?rest_route=%2Fwp%2Fv2%2Ftags&post=3007"}],"curies":[{"name":"wp","href":"https:\/\/api.w.org\/{rel}","templated":true}]}}