{"id":3010,"date":"2019-03-26T03:59:51","date_gmt":"2019-03-26T03:59:51","guid":{"rendered":"http:\/\/arroyitoonline.com.ar\/?p=3010"},"modified":"2019-03-26T04:00:14","modified_gmt":"2019-03-26T04:00:14","slug":"se-golpearon-entre-ellos-y-provocaron-destrozos-en-la-plaza-de-la-villa","status":"publish","type":"post","link":"https:\/\/arroyitoonline.com.ar\/?p=3010","title":{"rendered":"Se golpearon entre ellos y provocaron destrozos en la Plaza de la Villa"},"content":{"rendered":"\n<p><strong>Dos j\u00f3venes fueron\ndenunciados al 101 y detenidos por la Polic\u00eda, que constat\u00f3 los hechos.<\/strong><\/p>\n\n\n\n<p>Por llamados al 101, la Polic\u00eda se anotici\u00f3 de que, el\ns\u00e1bado a las 21:00 horas, varios sujetos se habr\u00edan tomado a golpes provocando da\u00f1os\ny destrozos en la Plaza Jos\u00e9 Ignacio Urqu\u00eda, del barrio La Villa. <\/p>\n\n\n\n<p>De manera inmediata se comisionaron dos m\u00f3viles constatando\nque hab\u00eda dos j\u00f3venes de 19 y 26 a\u00f1os peleando entre ellos y, al mismo tiempo,\nda\u00f1ando el espacio p\u00fablico. <\/p>\n\n\n\n<p>A continuaci\u00f3n, los uniformados trasladaron a los sujetos a la Comisar\u00eda local, quedando alojados a disposici\u00f3n de la Fiscal\u00eda de Instrucci\u00f3n, al tiempo que entregaron el procedimiento en la Unidad Judicial de Arroyito.<\/p>\n\n\n\n<p>Fuente: informe del comisario Clever Salguero.<\/p>\n\n\n\n<p>Foto de archivo, solo a modo ilustrativo.<\/p>\n","protected":false},"excerpt":{"rendered":"<p>Dos j\u00f3venes fueron denunciados al 101 y detenidos por la Polic\u00eda, que constat\u00f3 los hechos. Por llamados al 101, la&hellip;<\/p>\n","protected":false},"author":3,"featured_media":2722,"comment_status":"closed","ping_status":"open","sticky":false,"template":"","format":"standard","meta":{"footnotes":""},"categories":[824],"tags":[66,67,836,269,270,572,635,637,638,825,808],"class_list":["post-3010","post","type-post","status-publish","format-standard","has-post-thumbnail","hentry","category-policiales-online","tag-arroyito","tag-arroyito-cordoba","tag-arroyito-online","tag-delincuencia","tag-delito","tag-noticias-de-arroyito-y-zona","tag-policia","tag-policiales","tag-policiales-arroyito","tag-policiales-online","tag-violencia"],"_links":{"self":[{"href":"https:\/\/arroyitoonline.com.ar\/index.php?rest_route=\/wp\/v2\/posts\/3010","targetHints":{"allow":["GET"]}}],"collection":[{"href":"https:\/\/arroyitoonline.com.ar\/index.php?rest_route=\/wp\/v2\/posts"}],"about":[{"href":"https:\/\/arroyitoonline.com.ar\/index.php?rest_route=\/wp\/v2\/types\/post"}],"author":[{"embeddable":true,"href":"https:\/\/arroyitoonline.com.ar\/index.php?rest_route=\/wp\/v2\/users\/3"}],"replies":[{"embeddable":true,"href":"https:\/\/arroyitoonline.com.ar\/index.php?rest_route=%2Fwp%2Fv2%2Fcomments&post=3010"}],"version-history":[{"count":2,"href":"https:\/\/arroyitoonline.com.ar\/index.php?rest_route=\/wp\/v2\/posts\/3010\/revisions"}],"predecessor-version":[{"id":3012,"href":"https:\/\/arroyitoonline.com.ar\/index.php?rest_route=\/wp\/v2\/posts\/3010\/revisions\/3012"}],"wp:featuredmedia":[{"embeddable":true,"href":"https:\/\/arroyitoonline.com.ar\/index.php?rest_route=\/wp\/v2\/media\/2722"}],"wp:attachment":[{"href":"https:\/\/arroyitoonline.com.ar\/index.php?rest_route=%2Fwp%2Fv2%2Fmedia&parent=3010"}],"wp:term":[{"taxonomy":"category","embeddable":true,"href":"https:\/\/arroyitoonline.com.ar\/index.php?rest_route=%2Fwp%2Fv2%2Fcategories&post=3010"},{"taxonomy":"post_tag","embeddable":true,"href":"https:\/\/arroyitoonline.com.ar\/index.php?rest_route=%2Fwp%2Fv2%2Ftags&post=3010"}],"curies":[{"name":"wp","href":"https:\/\/api.w.org\/{rel}","templated":true}]}}