{"id":3013,"date":"2019-03-26T04:22:31","date_gmt":"2019-03-26T04:22:31","guid":{"rendered":"http:\/\/arroyitoonline.com.ar\/?p=3013"},"modified":"2019-03-26T04:24:20","modified_gmt":"2019-03-26T04:24:20","slug":"luchan-contra-el-cancer-desfilaron-y-emocionaron","status":"publish","type":"post","link":"https:\/\/arroyitoonline.com.ar\/?p=3013","title":{"rendered":"Luchan contra el c\u00e1ncer, desfilaron y emocionaron"},"content":{"rendered":"\n<p>E<strong>l evento Modelos de superaci\u00f3n organizado por Vida Sobre Vida y el Consejo de la Mujer se realiz\u00f3 ante un Teatrillo colmado. <\/strong><\/p>\n\n\n\n<p>El s\u00e1bado 23 de marzo, Vida Sobre Vida y el Consejo Municipal de la Mujer desarrollaron el desfile Modelos de superaci\u00f3n: celebrar la vida est\u00e1 de moda, en el Teatrillo Municipal Jos\u00e9 Francisco Guarch.<\/p>\n\n\n\n<p>Ante un p\u00fablico que colm\u00f3 el auditorio y la premisa &#8220;\u00a1s\u00ed se puede!&#8221;, comenz\u00f3 el evento, abriendo la noche un emotivo video, con im\u00e1genes de las modelos antes, durante y despu\u00e9s de sus tratamientos oncol\u00f3gicos. El audiovisual fue realizado por Mar\u00eda Guadalupe Quinteros, integrante activa del Consejo de la Mujer.<\/p>\n\n\n\n<figure class=\"wp-block-embed-facebook wp-block-embed is-type-video is-provider-facebook\"><div class=\"wp-block-embed__wrapper\">\nhttps:\/\/www.facebook.com\/arroyitoonlineoficial\/videos\/305550980110750\/\n<\/div><\/figure>\n\n\n\n<p>A continuaci\u00f3n, y con ropa de \u00cdndigo (Ana Mar\u00eda Constantino de Saluzzo) y Onda (familia Calder\u00f3n) fueron luci\u00e9ndose en la pasarela las modelos: Susana Carabajal, Dolly Urqu\u00eda, Nancy Arrieta, Clides Moya, Nucha Herrera, Jaquelina Ver\u00f3n, Cristina Villarreal de Cussino (acompa\u00f1\u00f3 a su esposo en todas las terapias y participa de manera activa en la Asociaci\u00f3n Civil Vida sobre Vida), M\u00f3nica Ju\u00e1rez -junto a su peque\u00f1a hija-, Francisca R\u00edo, Silvana Girodoli, Miriam Cesano y Edit Moreyra.<\/p>\n\n\n\n<p>Tambi\u00e9n hubo una intervenci\u00f3n con la bandera del D\u00eda Naranja (25 de cada mes) a modo de lucha y prevenci\u00f3n contra la violencia de g\u00e9nero,&nbsp; portada por integrantes del Consejo de la Mujer sobre el escenario.<\/p>\n\n\n\n<p>En la ocasi\u00f3n no falt\u00f3 la m\u00fasica, que ameniz\u00f3 este acontecimiento inolvidable. Carolina Romero y Pablo Morello le pusieron la voz a las tem\u00e1ticas abordadas, con su versiones de No es no (Axel y Soledad), Mis derechos de mujer (Helena Gadea) y P\u00eddeme la luna (Leo Dan), que fue el broche de oro de la velada. <\/p>\n\n\n\n<p>Adem\u00e1s, desde la organizaci\u00f3n agradecieron las joyas de Ang\u00e9lica Bruera (Luna de Plata), a las mujeres que prestaron su servicio para maquillaje y peinado (Nancy Ort\u00edz, Marcela Audrito, Cristina Pinto, Egle Tossen, Marisel Garc\u00eda y Paola D\u00edaz), y a Eugenia Bau por la sesi\u00f3n de spa  <br>previa al desfile que les obsequi\u00f3 a las modelos.<\/p>\n\n\n\n<p>Fue una noche cargada de emoci\u00f3n y alegr\u00eda en la que estuvieron presentes la viceintendente Graciela Tristany, el secretario de Obras P\u00fablicas Daniel Lafarina, la coordinadora de la Oficina de Empleo y la Universidad Popular Viviana Vercelli, la directora de Cultura Viviana Sam Sam, la coordinadora del Consejo de la Mujer Edith Brav\u00edn,&nbsp; las ciudadanas ilustres Chich\u00ed Alonso de Mazzoni y Nilda Fonti de Martinatto, la concejala Carolina Ciancia, el presidente de la Asociaci\u00f3n Civil Vida sobre Vida Hugo Alberione, la secretaria de esa ONG Laura Alemandi y la m\u00e9dica onc\u00f3loga encargada de los tratamientos del Hospital de D\u00eda Andrea Sosa.<\/p>\n\n\n\n<p>Fuente: Prensa Municipal. <\/p>\n\n\n\n<p>Foto: Ceci Z\u00e1rate. <\/p>\n","protected":false},"excerpt":{"rendered":"<p>El evento Modelos de superaci\u00f3n organizado por Vida Sobre Vida y el Consejo de la Mujer se realiz\u00f3 ante un&hellip;<\/p>\n","protected":false},"author":3,"featured_media":3014,"comment_status":"closed","ping_status":"open","sticky":false,"template":"","format":"standard","meta":{"footnotes":""},"categories":[2,877],"tags":[66,67,836,151,232,259,864,426,550,551,555,556,878,572,799],"class_list":["post-3013","post","type-post","status-publish","format-standard","has-post-thumbnail","hentry","category-cultura-y-espectaculos","category-noti-mujer-online","tag-arroyito","tag-arroyito-cordoba","tag-arroyito-online","tag-cancer","tag-consejo-de-la-mujer","tag-cultura","tag-cultura-y-espectaculos-online","tag-hospital","tag-mujeres","tag-mujeres-arroyito","tag-municipalidad","tag-municipalidad-de-arroyito","tag-noti-mujer-online","tag-noticias-de-arroyito-y-zona","tag-vida-sobre-vida"],"_links":{"self":[{"href":"https:\/\/arroyitoonline.com.ar\/index.php?rest_route=\/wp\/v2\/posts\/3013","targetHints":{"allow":["GET"]}}],"collection":[{"href":"https:\/\/arroyitoonline.com.ar\/index.php?rest_route=\/wp\/v2\/posts"}],"about":[{"href":"https:\/\/arroyitoonline.com.ar\/index.php?rest_route=\/wp\/v2\/types\/post"}],"author":[{"embeddable":true,"href":"https:\/\/arroyitoonline.com.ar\/index.php?rest_route=\/wp\/v2\/users\/3"}],"replies":[{"embeddable":true,"href":"https:\/\/arroyitoonline.com.ar\/index.php?rest_route=%2Fwp%2Fv2%2Fcomments&post=3013"}],"version-history":[{"count":2,"href":"https:\/\/arroyitoonline.com.ar\/index.php?rest_route=\/wp\/v2\/posts\/3013\/revisions"}],"predecessor-version":[{"id":3017,"href":"https:\/\/arroyitoonline.com.ar\/index.php?rest_route=\/wp\/v2\/posts\/3013\/revisions\/3017"}],"wp:featuredmedia":[{"embeddable":true,"href":"https:\/\/arroyitoonline.com.ar\/index.php?rest_route=\/wp\/v2\/media\/3014"}],"wp:attachment":[{"href":"https:\/\/arroyitoonline.com.ar\/index.php?rest_route=%2Fwp%2Fv2%2Fmedia&parent=3013"}],"wp:term":[{"taxonomy":"category","embeddable":true,"href":"https:\/\/arroyitoonline.com.ar\/index.php?rest_route=%2Fwp%2Fv2%2Fcategories&post=3013"},{"taxonomy":"post_tag","embeddable":true,"href":"https:\/\/arroyitoonline.com.ar\/index.php?rest_route=%2Fwp%2Fv2%2Ftags&post=3013"}],"curies":[{"name":"wp","href":"https:\/\/api.w.org\/{rel}","templated":true}]}}