{"id":3022,"date":"2019-03-26T15:47:41","date_gmt":"2019-03-26T15:47:41","guid":{"rendered":"http:\/\/arroyitoonline.com.ar\/?p=3022"},"modified":"2019-03-27T03:59:24","modified_gmt":"2019-03-27T03:59:24","slug":"preparan-festejos-del-25-de-mayo","status":"publish","type":"post","link":"https:\/\/arroyitoonline.com.ar\/?p=3022","title":{"rendered":"Preparan festejos del 25 de Mayo"},"content":{"rendered":"\n<p><strong>En la primera reuni\u00f3n definieron que las actividades ser\u00e1n una gala, acciones con el Nivel Primario de las escuelas y el acto protocolar con desfile y fiesta de la Patria. <\/strong><\/p>\n\n\n\n<p>El pasado viernes 22 de marzo, se realiz\u00f3 la primera reuni\u00f3n organizativa de las actividades y acto protocolar del 25 de Mayo.&nbsp;<\/p>\n\n\n\n<p>En el encuentro estuvieron presentes el encargado de Ceremonial, Protocolo y Prensa Nicol\u00e1s Moreno, la directora de la Escuela y Ballet\u00a0 Municipal Viviana Pedernera, el asesor Cultural Gerardo Lemos y la directora de Cultura Viviana Sam Sam. <\/p>\n\n\n\n<p>En la oportunidad, los asistentes diagramaron una semana de festejos donde se ver\u00e1n involucradas las instituciones educativas, intermedias, academias de danzas, agrupaciones del Ej\u00e9rcito y artistas locales para el festejo de un nuevo aniversario de la Revoluci\u00f3n de Mayo.<\/p>\n\n\n\n<p>Adem\u00e1s establecieron qu\u00e9 se realizar\u00e1 este a\u00f1o: una noche de gala para el d\u00eda 24 de mayo, una actividad con los niveles primarios, el gran acto protocolar con desfile y finalmente la fiesta de la Patria.<\/p>\n\n\n\n<p>Fuente: Prensa Municipal. <\/p>\n","protected":false},"excerpt":{"rendered":"<p>En la primera reuni\u00f3n definieron que las actividades ser\u00e1n una gala, acciones con el Nivel Primario de las escuelas y&hellip;<\/p>\n","protected":false},"author":3,"featured_media":3023,"comment_status":"closed","ping_status":"open","sticky":false,"template":"","format":"standard","meta":{"footnotes":""},"categories":[2,829],"tags":[16,66,67,836,93,259,864,372,572,628],"class_list":["post-3022","post","type-post","status-publish","format-standard","has-post-thumbnail","hentry","category-cultura-y-espectaculos","category-municipales-online","tag-25-de-mayo","tag-arroyito","tag-arroyito-cordoba","tag-arroyito-online","tag-ballet-municipal","tag-cultura","tag-cultura-y-espectaculos-online","tag-fiesta","tag-noticias-de-arroyito-y-zona","tag-plaza-25-de-mayo"],"_links":{"self":[{"href":"https:\/\/arroyitoonline.com.ar\/index.php?rest_route=\/wp\/v2\/posts\/3022","targetHints":{"allow":["GET"]}}],"collection":[{"href":"https:\/\/arroyitoonline.com.ar\/index.php?rest_route=\/wp\/v2\/posts"}],"about":[{"href":"https:\/\/arroyitoonline.com.ar\/index.php?rest_route=\/wp\/v2\/types\/post"}],"author":[{"embeddable":true,"href":"https:\/\/arroyitoonline.com.ar\/index.php?rest_route=\/wp\/v2\/users\/3"}],"replies":[{"embeddable":true,"href":"https:\/\/arroyitoonline.com.ar\/index.php?rest_route=%2Fwp%2Fv2%2Fcomments&post=3022"}],"version-history":[{"count":1,"href":"https:\/\/arroyitoonline.com.ar\/index.php?rest_route=\/wp\/v2\/posts\/3022\/revisions"}],"predecessor-version":[{"id":3024,"href":"https:\/\/arroyitoonline.com.ar\/index.php?rest_route=\/wp\/v2\/posts\/3022\/revisions\/3024"}],"wp:featuredmedia":[{"embeddable":true,"href":"https:\/\/arroyitoonline.com.ar\/index.php?rest_route=\/wp\/v2\/media\/3023"}],"wp:attachment":[{"href":"https:\/\/arroyitoonline.com.ar\/index.php?rest_route=%2Fwp%2Fv2%2Fmedia&parent=3022"}],"wp:term":[{"taxonomy":"category","embeddable":true,"href":"https:\/\/arroyitoonline.com.ar\/index.php?rest_route=%2Fwp%2Fv2%2Fcategories&post=3022"},{"taxonomy":"post_tag","embeddable":true,"href":"https:\/\/arroyitoonline.com.ar\/index.php?rest_route=%2Fwp%2Fv2%2Ftags&post=3022"}],"curies":[{"name":"wp","href":"https:\/\/api.w.org\/{rel}","templated":true}]}}