{"id":3025,"date":"2019-03-27T19:29:57","date_gmt":"2019-03-27T19:29:57","guid":{"rendered":"http:\/\/arroyitoonline.com.ar\/?p=3025"},"modified":"2019-03-27T19:29:58","modified_gmt":"2019-03-27T19:29:58","slug":"cespal-con-escasa-participacion-se-desarrollaron-las-asambleas-electorales-de-distrito","status":"publish","type":"post","link":"https:\/\/arroyitoonline.com.ar\/?p=3025","title":{"rendered":"Cespal: con escasa participaci\u00f3n se desarrollaron las Asambleas Electorales de Distrito"},"content":{"rendered":"\n<p><strong>Los consejeros que presidieron las nueve asambleas realizaron un\ninforme sobre las acciones&nbsp;realizadas por la entidad en sus diferentes\n\u00e1reas durante el a\u00f1o 2018.<\/strong><\/p>\n\n\n\n<p>Anoche, la Cooperativa de Electricidad y Servicios P\u00fablicos de Arroyito\nLimitada desallorr\u00f3 las&nbsp;Asambleas\nElectorales de Distrito. <\/p>\n\n\n\n<p>Cabe destacar que la asistencia de\nlos asociados de la Cespal en esta, la \u00fanica instancia de participaci\u00f3n que les\nda voz, fue escasa, tanto como en oportunidades anteriores.<\/p>\n\n\n\n<p>Adem\u00e1s, a ra\u00edz de que solo se\noficializ\u00f3 una lista, no hubo escrutinio dej\u00e1ndose establecida la elecci\u00f3n de\ntres candidatos a Consejeros Titulares, tres candidatos a consejeros Suplentes\ny la nueva n\u00f3mina de delegados Titulares y Suplentes por proclamaci\u00f3n. <\/p>\n\n\n\n<p>Por su parte, los consejeros que\npresidieron las nueve asambleas realizaron un informe sobre las acciones&nbsp;realizadas\npor la entidad en sus diferentes \u00e1reas durante el a\u00f1o 2018 y respondieron las\ninquietudes de quienes se acercaron a los establecimientos de realizaci\u00f3n. <\/p>\n\n\n\n<p>En otro orden, esta vez las\nAsambleas contaron con veedores de la subsecretar\u00eda de Cooperativas y Mutuales\ndependiente del ministerio de Industria, Comercio y Miner\u00eda del gobierno de la\nProvincia de C\u00f3rdoba. <\/p>\n\n\n\n<p>A continuaci\u00f3n se detalla la\nlista completa correspondiente a candidatos a consejeros Titulares y Suplentes\ny a delegados Titulares y Suplentes de cada distrito.<\/p>\n\n\n\n<p><strong>LISTAS DISTRITOS&nbsp;2019<\/strong><\/p>\n\n\n\n<p><strong>Lista N\u00b0 1 del Distrito N\u00b0 1:<\/strong><\/p>\n\n\n\n<p>Candidato a Consejero Titular \u2013 ROMERO, Viviana Irma;<\/p>\n\n\n\n<p>Delegado Titular 1 \u2013 FRONTERA, Miguel \u00c1ngel;<\/p>\n\n\n\n<p>Delegado Titular 2 \u2013 PRIOTTO, V\u00edctor Antonio;<\/p>\n\n\n\n<p>Delegado Titular 3 \u2013 KIEFFER, V\u00edctor Santiago;<\/p>\n\n\n\n<p>Delegado Titular 4 \u2013 CAPELLO, Oscar Antonio;<\/p>\n\n\n\n<p>Delegado Titular 5 \u2013 BALBO, Hugo Oscar;<\/p>\n\n\n\n<p>Delegado Titular 6 \u2013 C\u00d3RDOBA, Sergio Ceferino;<\/p>\n\n\n\n<p>Delegado Titular 7 \u2013 PERONE, Daniel Ernesto;<\/p>\n\n\n\n<p>Delegado Suplente 1 \u2013 ORDO\u00d1EZ, Walter;<\/p>\n\n\n\n<p>Delegado Suplente 2 \u2013 CISTERNA, Jorge Leonardo;<\/p>\n\n\n\n<p>Delegado Suplente 3 \u2013 BITOCHI, Celia Patricia;<\/p>\n\n\n\n<p>Delegado Suplente 4 \u2013 DEMICHELIS, V\u00edctor Daniel.&nbsp;&nbsp;<\/p>\n\n\n\n<p><strong>Lista N\u00b0 1 del Distrito N\u00b0 2:<\/strong><\/p>\n\n\n\n<p>Delegado Titular 1&nbsp;\u2013 BADINO, Guillermo Daniel;<\/p>\n\n\n\n<p>Delegado Titular 2 \u2013 BERTONE, Roberto Luis;<\/p>\n\n\n\n<p>Delegado Titular 3 \u2013 MINARI, Oscar Alberto;<\/p>\n\n\n\n<p>Delegado Titular 4 \u2013 LOSANO, Luis Alberto;<\/p>\n\n\n\n<p>Delegado Titular 5 \u2013&nbsp;ORTIZ, Armando Ram\u00f3n;<\/p>\n\n\n\n<p>Delegado Titular 6&nbsp;\u2013 AGUILAR, Ra\u00fal Antonio;<\/p>\n\n\n\n<p>Delegado Titular 7 \u2013 FERREYRA, Carlos Eduardo;<\/p>\n\n\n\n<p>Delegado Titular 8 \u2013 PORPORATTO, Susana Alicia;<\/p>\n\n\n\n<p>Delegado Suplente 1 \u2013&nbsp;RIBBA, Hugo Alberto;<\/p>\n\n\n\n<p>Delegado Suplente 2&nbsp;\u2013 GIRODOLI, V\u00edctor Eduardo;<\/p>\n\n\n\n<p>Delegado Suplente 3 \u2013 CITRONI, Claudio Fernando;<\/p>\n\n\n\n<p>Delegado Suplente 4 \u2013 L\u00d3PEZ, Nora Isabel.<\/p>\n\n\n\n<p><strong>Lista N\u00b0 1 del Distrito N\u00b0 3:<\/strong><\/p>\n\n\n\n<p>Candidato a Consejero Suplente \u2013 MIANI, Fernando Hugo;<\/p>\n\n\n\n<p>Delegado Titular 1 \u2013 CIANCIA, Gustavo Daniel;<\/p>\n\n\n\n<p>Delegado Titular 2 \u2013 GARC\u00cdA, Adri\u00e1n Ernesto;<\/p>\n\n\n\n<p>Delegado Titular 3 \u2013 EBERHARDT, Gustavo Atilio;<\/p>\n\n\n\n<p>Delegado Titular 4 \u2013 MARSENGO, Ra\u00fal Hilario;<\/p>\n\n\n\n<p>Delegado Titular 5 \u2013 GALIASSO, Hugo Santiago Jos\u00e9;<\/p>\n\n\n\n<p>Delegado Titular 6 \u2013 RINAUDO, Luis Alberto;<\/p>\n\n\n\n<p>Delegado Suplente 1 \u2013 OLOCCO, Marcelo Fabi\u00e1n;<\/p>\n\n\n\n<p>Delegado Suplente 2 \u2013 BOSETTI, Carlos Dante;<\/p>\n\n\n\n<p>Delegado Suplente 3 \u2013 SACCO, Nilda Mar\u00eda.<\/p>\n\n\n\n<p><strong>Lista N\u00b0 1 del Distrito N\u00b0 4:<\/strong><\/p>\n\n\n\n<p>Candidato a Consejero Suplente \u2013 MO, Lucas\nOscar;&nbsp;&nbsp;&nbsp;<\/p>\n\n\n\n<p>Delegado Titular 1 \u2013 VAGO, Alberto Edgar;<\/p>\n\n\n\n<p>Delegado Titular 2 \u2013 BRASCHI, Eduardo Alberto;<\/p>\n\n\n\n<p>Delegado Titular 3 \u2013 PREIALE, Eduardo Alejandro;<\/p>\n\n\n\n<p>Delegado Titular 4 \u2013 PIGNATA, Luis Eduardo;<\/p>\n\n\n\n<p>Delegado Titular 5 \u2013&nbsp;GIL, Gerardo;<\/p>\n\n\n\n<p>Delegado Titular 6 \u2013 GIM\u00c9NEZ, \u00c1ngel Eduardo;<\/p>\n\n\n\n<p>Delegado Suplente 1 \u2013 SELLE, Daniel;<\/p>\n\n\n\n<p>Delegado Suplente 2 \u2013 VOCOS, Alicia In\u00e9s;<\/p>\n\n\n\n<p>Delegado Suplente 3 \u2013 MIANI, Claudia Beatriz;<\/p>\n\n\n\n<p><strong>Lista N\u00b0 1 del Distrito N\u00b0 5:<\/strong><\/p>\n\n\n\n<p>Delegado Titular 1&nbsp;\u2013 RIBOTTA, Alejo Francisco;<\/p>\n\n\n\n<p>Delegado Titular 2 \u2013 PRYCHODKA, N\u00e9lida Ester;<\/p>\n\n\n\n<p>Delegado Titular 3 \u2013 VAUDAGNA, Daniel Ram\u00f3n;<\/p>\n\n\n\n<p>Delegado Titular 4 \u2013 BRUNO, Ren\u00e9 Luis;<\/p>\n\n\n\n<p>Delegado Titular 5 \u2013&nbsp;SAAVEDRA, Cornelio;<\/p>\n\n\n\n<p>Delegado Titular 6&nbsp;\u2013 CERUTTI, Mauricio Gabriel;<\/p>\n\n\n\n<p>&nbsp;Delegado Suplente 1 \u2013&nbsp;AS\u00cdS, Nancy Noem\u00ed;<\/p>\n\n\n\n<p>Delegado Suplente 2&nbsp;\u2013 QUINTEROS, Ra\u00fal Ricardo;<\/p>\n\n\n\n<p>Delegado Suplente 3 \u2013 GUZM\u00c1N, Daniel Alfredo;<\/p>\n\n\n\n<p><strong>Lista N\u00b0 1 del Distrito N\u00b0 6:<\/strong><\/p>\n\n\n\n<p>Candidato a Consejero Titular \u2013 GIUSTI, Zulma Viviana Rosa;<\/p>\n\n\n\n<p>Delegado Titular 1 \u2013 FERN\u00c1NDEZ, Adri\u00e1n Gabino;<\/p>\n\n\n\n<p>Delegado Titular 2 \u2013 BOETTO, Miguel Alberto;<\/p>\n\n\n\n<p>Delegado Titular 3 \u2013 WEIDMANN, Ricardo N\u00e9stor;<\/p>\n\n\n\n<p>Delegado Titular 4 \u2013 PORPORATTO, Mario Alejandro;<\/p>\n\n\n\n<p>Delegado Titular 5 \u2013 ROSSO, Fabi\u00e1n Alejandro;<\/p>\n\n\n\n<p>Delegado Titular 6 \u2013 ARRIETA, Fernando;<\/p>\n\n\n\n<p>Delegado Titular 7 \u2013 SILVA, Carlos Omar;<\/p>\n\n\n\n<p>Delegado Suplente 1 \u2013 MORENO, Juan Carlos;<\/p>\n\n\n\n<p>Delegado Suplente 2 \u2013 BARRIONUEVO, Fabi\u00e1n Sergio;<\/p>\n\n\n\n<p>Delegado Suplente 3 \u2013 ALBARRAC\u00cdN, Leandro Antonio;<\/p>\n\n\n\n<p>Delegado Suplente 4 \u2013 VERCELLI, Hugo Ariel.<\/p>\n\n\n\n<p><strong>Lista N\u00b0 1 del Distrito N\u00b0 7:<\/strong><\/p>\n\n\n\n<p>Candidato a Consejero Titular \u2013 CIOCCATTO, Alan Walter;<\/p>\n\n\n\n<p>Delegado Titular 1&nbsp;\u2013 LUDUE\u00d1A, Juan Alejandro;<\/p>\n\n\n\n<p>Delegado Titular 2 \u2013 PITURRO, Ram\u00f3n Antonio;<\/p>\n\n\n\n<p>Delegado Titular 3 \u2013 CURVINO, Luciano;<\/p>\n\n\n\n<p>Delegado Titular 4 \u2013 BALVO, \u00cdtalo Leopoldo;<\/p>\n\n\n\n<p>Delegado Titular 5 \u2013&nbsp;GULLINO, Emanuel Matias;<\/p>\n\n\n\n<p>Delegado Titular 6&nbsp;\u2013 FAR\u00cdAS, Ram\u00f3n del Rosario;<\/p>\n\n\n\n<p>Delegado Titular 7 \u2013&nbsp;SAAVEDRA, Tom\u00e1s Brian;<\/p>\n\n\n\n<p>Delegado Suplente 1 \u2013 SAVATERO, Mauricio Sebasti\u00e1n;<\/p>\n\n\n\n<p>Delegado Suplente 2&nbsp;\u2013 CAPELLINI, Enzo Roque;<\/p>\n\n\n\n<p>Delegado Suplente 3 \u2013 BOFFA, Gabriel Ra\u00fal;<\/p>\n\n\n\n<p>Delegado Suplente 4&nbsp;\u2013 MIKLEG, Carlos Ariel.<\/p>\n\n\n\n<p><strong>Lista N\u00b0 1 del Distrito N\u00b0 8:<\/strong><\/p>\n\n\n\n<p>Delegado Titular 1 \u2013 OLOCCO, Miguel \u00c1ngel;<\/p>\n\n\n\n<p>Delegado Titular 2 \u2013 ZANELLATO, Marcelo Carlos;<\/p>\n\n\n\n<p>Delegado Titular 3 \u2013 ORELLANO, N\u00e9stor Fabi\u00e1n;<\/p>\n\n\n\n<p>Delegado Titular 4 \u2013 BERGESE, Adri\u00e1n Alberto;<\/p>\n\n\n\n<p>Delegado Titular 5 \u2013 DURANDO, Armando L.R.;<\/p>\n\n\n\n<p>Delegado Titular 6 \u2013 JUNCOS, Olga Teresa;<\/p>\n\n\n\n<p>Delegado Suplente 1 \u2013 ESP\u00d3SITO, Marcelo Daniel;<\/p>\n\n\n\n<p>Delegado Suplente 2 \u2013 PANZERINI, Mar\u00eda In\u00e9s;<\/p>\n\n\n\n<p>Delegado\nSuplente 3 \u2013 SUTTER, Jorge Walter.<\/p>\n\n\n\n<p><strong>Lista N\u00b0 1 del Distrito N\u00b0 9:<\/strong><\/p>\n\n\n\n<p>Candidato a Consejero Suplente \u2013 G\u00d3MEZ, Gabriela;<br>\nDelegado Titular 1 \u2013 MORO, Hern\u00e1n Ivo;<\/p>\n\n\n\n<p>Delegado Titular 2 \u2013 PERALTA, Lucio Dardo;<\/p>\n\n\n\n<p>Delegado Titular 3 \u2013 CHAVARINI, Mart\u00edn Ricardo;<\/p>\n\n\n\n<p>Delegado Titular 4 \u2013 CAMILATTI, Mat\u00edas Sebasti\u00e1n;<\/p>\n\n\n\n<p>Delegado Titular 5 \u2013 BERNARDI, Alfonso;<\/p>\n\n\n\n<p>Delegado Titular 6 \u2013 GONCEBAT, Carlos;<\/p>\n\n\n\n<p>Delegado Suplente 1 \u2013 MENEGHEL, Jorge Eduardo;<\/p>\n\n\n\n<p>Delegado Suplente 2 \u2013 FLORES, Roberto;<\/p>\n\n\n\n<p>Delegado Suplente 3 \u2013 DURANDO, Yanina.<\/p>\n","protected":false},"excerpt":{"rendered":"<p>Los consejeros que presidieron las nueve asambleas realizaron un informe sobre las acciones&nbsp;realizadas por la entidad en sus diferentes \u00e1reas&hellip;<\/p>\n","protected":false},"author":3,"featured_media":3026,"comment_status":"closed","ping_status":"open","sticky":false,"template":"","format":"standard","meta":{"footnotes":""},"categories":[6],"tags":[66,67,836,74,183,240,572],"class_list":["post-3025","post","type-post","status-publish","format-standard","has-post-thumbnail","hentry","category-interes-general","tag-arroyito","tag-arroyito-cordoba","tag-arroyito-online","tag-asamblea","tag-cespal","tag-cooperativa","tag-noticias-de-arroyito-y-zona"],"_links":{"self":[{"href":"https:\/\/arroyitoonline.com.ar\/index.php?rest_route=\/wp\/v2\/posts\/3025","targetHints":{"allow":["GET"]}}],"collection":[{"href":"https:\/\/arroyitoonline.com.ar\/index.php?rest_route=\/wp\/v2\/posts"}],"about":[{"href":"https:\/\/arroyitoonline.com.ar\/index.php?rest_route=\/wp\/v2\/types\/post"}],"author":[{"embeddable":true,"href":"https:\/\/arroyitoonline.com.ar\/index.php?rest_route=\/wp\/v2\/users\/3"}],"replies":[{"embeddable":true,"href":"https:\/\/arroyitoonline.com.ar\/index.php?rest_route=%2Fwp%2Fv2%2Fcomments&post=3025"}],"version-history":[{"count":1,"href":"https:\/\/arroyitoonline.com.ar\/index.php?rest_route=\/wp\/v2\/posts\/3025\/revisions"}],"predecessor-version":[{"id":3027,"href":"https:\/\/arroyitoonline.com.ar\/index.php?rest_route=\/wp\/v2\/posts\/3025\/revisions\/3027"}],"wp:featuredmedia":[{"embeddable":true,"href":"https:\/\/arroyitoonline.com.ar\/index.php?rest_route=\/wp\/v2\/media\/3026"}],"wp:attachment":[{"href":"https:\/\/arroyitoonline.com.ar\/index.php?rest_route=%2Fwp%2Fv2%2Fmedia&parent=3025"}],"wp:term":[{"taxonomy":"category","embeddable":true,"href":"https:\/\/arroyitoonline.com.ar\/index.php?rest_route=%2Fwp%2Fv2%2Fcategories&post=3025"},{"taxonomy":"post_tag","embeddable":true,"href":"https:\/\/arroyitoonline.com.ar\/index.php?rest_route=%2Fwp%2Fv2%2Ftags&post=3025"}],"curies":[{"name":"wp","href":"https:\/\/api.w.org\/{rel}","templated":true}]}}