{"id":3028,"date":"2019-03-25T07:30:50","date_gmt":"2019-03-25T07:30:50","guid":{"rendered":"http:\/\/arroyitoonline.com.ar\/?p=3028"},"modified":"2019-03-27T19:51:04","modified_gmt":"2019-03-27T19:51:04","slug":"concurso-de-microrrelatos-la-joven-de-arroyito-pilar-lescano-obtuvo-el-primer-premio-regional","status":"publish","type":"post","link":"https:\/\/arroyitoonline.com.ar\/?p=3028","title":{"rendered":"Concurso de Microrrelatos: la joven de Arroyito Pilar Lescano obtuvo el primer premio regional"},"content":{"rendered":"\n<p><strong>En el marco de la programaci\u00f3n del CILE 2019, con sede en La Docta, entregaron los galardones a los escritores reconocidos. <\/strong><\/p>\n\n\n\n<p>El pasado viernes 22, en el Sal\u00f3n rojo del Cabildo cordob\u00e9s, presentaron la\u00a0 publicaci\u00f3n \u201cCompartir Ubicaci\u00f3n, relatos locales para p\u00fablicos globales\u201d, fruto del Concurso Provincial de Microrrelatos, en el marco de la programaci\u00f3n del Congreso Internacional de la Lengua Espa\u00f1ola. En la oportunidad entregaron los certificados a los escritores galardonados.\u00a0<br><\/p>\n\n\n\n<p>En la categor\u00eda J\u00f3venes del concurso regional,\u00a0el primer premio fue para Pilar Lescano, el segundo lugar correspondi\u00f3 a Juan Andr\u00e9s Ludue\u00f1a y al tercero se lo qued\u00f3 Diamela Boscacci. Tambi\u00e9n en la categor\u00eda Adultos, ganaron Norma Bonivardo y Juan Jos\u00e9 Sileone, todos los premiados son de Arroyito. <\/p>\n\n\n\n<p>Adem\u00e1s, cabe destacar que el a\u00f1o pasado se realiz\u00f3 la premiaci\u00f3n del Concurso de Microrrelatos y en la sesi\u00f3n ordinaria del 4 de octubre de 2018, el Concejo Deliberante de nuestra ciudad declar\u00f3 por unanimidad de inter\u00e9s municipal, el VIII Congreso Internacional de la Lengua Espa\u00f1ola (CILE).<\/p>\n\n\n\n<p>El Jurado, estuvo compuesto por la exdirectora de Cultura Rosal\u00eda Sachetto, la rofesora Ana Mar\u00eda Pizzi y\u00a0Mar\u00eda M\u00f3nica Mazzoni, quienes dieron su veredicto.<\/p>\n\n\n\n<p>Fuente: Prensa Municipal. <\/p>\n","protected":false},"excerpt":{"rendered":"<p>En el marco de la programaci\u00f3n del CILE 2019, con sede en La Docta, entregaron los galardones a los escritores&hellip;<\/p>\n","protected":false},"author":3,"featured_media":3029,"comment_status":"closed","ping_status":"open","sticky":false,"template":"","format":"standard","meta":{"footnotes":""},"categories":[2],"tags":[66,67,836,885,244,259,864,499,922,555,556],"class_list":["post-3028","post","type-post","status-publish","format-standard","has-post-thumbnail","hentry","category-cultura-y-espectaculos","tag-arroyito","tag-arroyito-cordoba","tag-arroyito-online","tag-congreso-internacional-de-la-lengua-espanola","tag-cordoba","tag-cultura","tag-cultura-y-espectaculos-online","tag-literatura","tag-microrrelatos","tag-municipalidad","tag-municipalidad-de-arroyito"],"_links":{"self":[{"href":"https:\/\/arroyitoonline.com.ar\/index.php?rest_route=\/wp\/v2\/posts\/3028","targetHints":{"allow":["GET"]}}],"collection":[{"href":"https:\/\/arroyitoonline.com.ar\/index.php?rest_route=\/wp\/v2\/posts"}],"about":[{"href":"https:\/\/arroyitoonline.com.ar\/index.php?rest_route=\/wp\/v2\/types\/post"}],"author":[{"embeddable":true,"href":"https:\/\/arroyitoonline.com.ar\/index.php?rest_route=\/wp\/v2\/users\/3"}],"replies":[{"embeddable":true,"href":"https:\/\/arroyitoonline.com.ar\/index.php?rest_route=%2Fwp%2Fv2%2Fcomments&post=3028"}],"version-history":[{"count":1,"href":"https:\/\/arroyitoonline.com.ar\/index.php?rest_route=\/wp\/v2\/posts\/3028\/revisions"}],"predecessor-version":[{"id":3030,"href":"https:\/\/arroyitoonline.com.ar\/index.php?rest_route=\/wp\/v2\/posts\/3028\/revisions\/3030"}],"wp:featuredmedia":[{"embeddable":true,"href":"https:\/\/arroyitoonline.com.ar\/index.php?rest_route=\/wp\/v2\/media\/3029"}],"wp:attachment":[{"href":"https:\/\/arroyitoonline.com.ar\/index.php?rest_route=%2Fwp%2Fv2%2Fmedia&parent=3028"}],"wp:term":[{"taxonomy":"category","embeddable":true,"href":"https:\/\/arroyitoonline.com.ar\/index.php?rest_route=%2Fwp%2Fv2%2Fcategories&post=3028"},{"taxonomy":"post_tag","embeddable":true,"href":"https:\/\/arroyitoonline.com.ar\/index.php?rest_route=%2Fwp%2Fv2%2Ftags&post=3028"}],"curies":[{"name":"wp","href":"https:\/\/api.w.org\/{rel}","templated":true}]}}