{"id":3048,"date":"2019-03-28T15:57:45","date_gmt":"2019-03-28T15:57:45","guid":{"rendered":"http:\/\/arroyitoonline.com.ar\/?p=3048"},"modified":"2019-03-28T15:57:47","modified_gmt":"2019-03-28T15:57:47","slug":"el-radicalismo-local-de-luto-fallecio-norma-reynoso-de-gambino","status":"publish","type":"post","link":"https:\/\/arroyitoonline.com.ar\/?p=3048","title":{"rendered":"El Radicalismo local, de luto: falleci\u00f3 Norma Reynoso de Gambino"},"content":{"rendered":"\n<p><strong>Ten\u00eda 84 a\u00f1os. Militante de toda la vida,\nhab\u00eda sido destacada en el evento municipal del Mes de la Mujer, por su gran\ncoraz\u00f3n. &nbsp;<\/strong><\/p>\n\n\n\n<p>Este mi\u00e9rcoles\n27 de marzo, a los 84 a\u00f1os, falleci\u00f3 Norma Reynoso de Gambino, militante activa\ndel radicalismo local, mujer de gran coraz\u00f3n y ejemplo de vida. Luego de que\npermaneciera internada las \u00faltimas semanas y de haberse deteriorarse su estado\nde salud, en horas de la tarde de ayer se conoci\u00f3 la triste noticia.<\/p>\n\n\n\n<p>Recordemos que\nel domingo 10 de marzo, en el Teatrillo Municipal Jos\u00e9 F. Guarch, Norma fue\nhomenajeada por el Municipio junto a otras 20 mujeres destacadas, a trav\u00e9s de\nla nominaci\u00f3n del Comit\u00e9 Circuito Arroyito <em>\u201cpor\nsu compromiso y entrega al pr\u00f3jimo, trabaj\u00f3 de manera voluntaria y dispuesta,\nmilitante de toda la vida, que siempre pens\u00f3 en c\u00f3mo ayudar al que menos tiene\u201d<\/em>.\n<\/p>\n\n\n\n<p>En aquel\nmomento, su hija Adriana Gambino \u2013quien recibi\u00f3 la distinci\u00f3n, porque que su\nmam\u00e1 ya se encontraba hospitalizada- se mostr\u00f3 emocionada con el reconocimiento\ny cont\u00f3 a <strong>Arroyito Online<\/strong> parte de\nla triste historia de vida de esta luchadora mujer.<\/p>\n\n\n\n<p><em>\u201cEmpez\u00f3 a baldear veredas a los siete a\u00f1os, limpiaba casas por un mate cocido con pan. Cuando ten\u00eda 17 o 18 a\u00f1os se fue a trabajar cama adentro a Buenos Aires con una familia muy rica, que era de Villa del Tr\u00e1nsito, de donde era ella, y se la llevaron. Se puso de novia, lo ve\u00eda cada tanto y qued\u00f3 embarazada de Daniel, mi hermano. Ese novio de aquel entonces quiso imponerle que lo diera en adopci\u00f3n y hasta le llev\u00f3 un matrimonio para que fueran ellos los que lo adoptaran. Cuando lleg\u00f3 el d\u00eda que naci\u00f3 Daniel, la llevaron a la cl\u00ednica y estuvo solita ah\u00ed, lo tuvo, le dieron el alta, se fue a la casa donde trabajaba y les dijo a sus patrones que se volv\u00eda a su pueblo, porque ten\u00eda que salvar a su hijo. Con su mudita de ropa, en pleno invierno, se tom\u00f3 el tren. En San Francisco la esperaban su hermana y su cu\u00f1ado. La llevaron a su casa. A los d\u00edas los llevaron a Villa del Tr\u00e1nsito donde lo conoci\u00f3 a quien fue su esposo hasta hoy, oriundo de Santa Fe. Hace unos a\u00f1os tambi\u00e9n sufri\u00f3 la p\u00e9rdida de su hijo Daniel\u201d<\/em>, explic\u00f3 Adriana. <\/p>\n\n\n\n<p>Por su parte,\ndesde la actual administraci\u00f3n municipal enviaron condolencias a la familia\nmanifestando que <em>\u201csu entrega y trabajo por\nel pr\u00f3jimo, sobre todo con responsabilidad y compromiso,&nbsp;son sin dudas los\nadjetivos que describ\u00edan a Norma\u201d<\/em>. <\/p>\n\n\n\n<p>Adem\u00e1s, el intendente Mauricio Cravero consider\u00f3 que <em>\u201cEs innegable que la ausencia de un ser querido nos deja un gran vac\u00edo en nuestros corazones, pero solo la esperanza nos llena de luz en este camino. Extra\u00f1aremos su presencia, sus sonrisas y sus palabras, pero la recordaremos y siempre permanecer\u00e1 viva en nuestros corazones\u201d<\/em>, anhelando <em>\u201cQue Dios llene de la fortaleza a su familia para afrontar este momento\u201d<\/em>.<\/p>\n\n\n\n<p>Los restos mortales de Norma son velados en salas de Av. M. Moreno esquina Rafael Bianchi. El sepelio ser\u00e1 esta tarde a las 17:00 horas, en el Cementerio local, previo oficio religioso de cuerpo presente en la Parroquia Nuestra Se\u00f1ora de la Merced. <\/p>\n","protected":false},"excerpt":{"rendered":"<p>Ten\u00eda 84 a\u00f1os. Militante de toda la vida, hab\u00eda sido destacada en el evento municipal del Mes de la Mujer,&hellip;<\/p>\n","protected":false},"author":3,"featured_media":3050,"comment_status":"closed","ping_status":"open","sticky":false,"template":"","format":"standard","meta":{"footnotes":""},"categories":[900],"tags":[66,67,836,548,555,556,572,871],"class_list":["post-3048","post","type-post","status-publish","format-standard","has-post-thumbnail","hentry","category-noticias","tag-arroyito","tag-arroyito-cordoba","tag-arroyito-online","tag-muerte","tag-municipalidad","tag-municipalidad-de-arroyito","tag-noticias-de-arroyito-y-zona","tag-radicalismo"],"_links":{"self":[{"href":"https:\/\/arroyitoonline.com.ar\/index.php?rest_route=\/wp\/v2\/posts\/3048","targetHints":{"allow":["GET"]}}],"collection":[{"href":"https:\/\/arroyitoonline.com.ar\/index.php?rest_route=\/wp\/v2\/posts"}],"about":[{"href":"https:\/\/arroyitoonline.com.ar\/index.php?rest_route=\/wp\/v2\/types\/post"}],"author":[{"embeddable":true,"href":"https:\/\/arroyitoonline.com.ar\/index.php?rest_route=\/wp\/v2\/users\/3"}],"replies":[{"embeddable":true,"href":"https:\/\/arroyitoonline.com.ar\/index.php?rest_route=%2Fwp%2Fv2%2Fcomments&post=3048"}],"version-history":[{"count":1,"href":"https:\/\/arroyitoonline.com.ar\/index.php?rest_route=\/wp\/v2\/posts\/3048\/revisions"}],"predecessor-version":[{"id":3051,"href":"https:\/\/arroyitoonline.com.ar\/index.php?rest_route=\/wp\/v2\/posts\/3048\/revisions\/3051"}],"wp:featuredmedia":[{"embeddable":true,"href":"https:\/\/arroyitoonline.com.ar\/index.php?rest_route=\/wp\/v2\/media\/3050"}],"wp:attachment":[{"href":"https:\/\/arroyitoonline.com.ar\/index.php?rest_route=%2Fwp%2Fv2%2Fmedia&parent=3048"}],"wp:term":[{"taxonomy":"category","embeddable":true,"href":"https:\/\/arroyitoonline.com.ar\/index.php?rest_route=%2Fwp%2Fv2%2Fcategories&post=3048"},{"taxonomy":"post_tag","embeddable":true,"href":"https:\/\/arroyitoonline.com.ar\/index.php?rest_route=%2Fwp%2Fv2%2Ftags&post=3048"}],"curies":[{"name":"wp","href":"https:\/\/api.w.org\/{rel}","templated":true}]}}