{"id":3052,"date":"2019-03-29T04:10:36","date_gmt":"2019-03-29T04:10:36","guid":{"rendered":"http:\/\/arroyitoonline.com.ar\/?p=3052"},"modified":"2019-03-29T04:29:22","modified_gmt":"2019-03-29T04:29:22","slug":"cravero-se-reunio-con-representantes-de-la-policia-federal","status":"publish","type":"post","link":"https:\/\/arroyitoonline.com.ar\/?p=3052","title":{"rendered":"Cravero se reuni\u00f3 con representantes de la Polic\u00eda Federal"},"content":{"rendered":"\n<p style=\"text-align:left\"><strong>Tambi\u00e9n se sumaron intendentes y jefes comunales de la regi\u00f3n y autoridades policiales zonales y locales. <\/strong><\/p>\n\n\n\n<p>El martes a la ma\u00f1ana, el intendente municipal recibi\u00f3 a los representantes de la Polic\u00eda Federal delegaci\u00f3n San Francisco: subcomisario Claudio Ontivero, al jefe de la Delegaci\u00f3n de la Polic\u00eda Federal Argentina que tiene sede en San Francisco y el\u00a0 subcomisario Carlos Carri\u00f3n Jefe Operativo.<\/p>\n\n\n\n<p>A continuaci\u00f3n, el primer mandatario local, los referentes de la PFA, los jefes de Zona y de la Comisar\u00eda Distrito Arroyito comisario inspector Pablo Berardo y comisario Clever Salguero y los intendente y jefes comunales de La Francia, El T\u00edo, Toro Pujio, Colonia Las Pichanas, Sacanta, Los Cha\u00f1aritos y R\u00edo Primero compartieron un desayuno de trabajo.<\/p>\n\n\n\n<p>En la oportunidad compartieron experiencias, trasladaron distintas situaciones que suceden en las ciudades y diagramaron acciones en conjunto.<\/p>\n\n\n\n<p>En este sentido, Cravero expres\u00f3 que <em>\u201cEsto es un claro ejemplo de Trabajo mancomunado en seguridad regional\u201d<\/em>.<\/p>\n\n\n\n<p>Fuente: Prensa Municipal. <\/p>\n\n\n\n<p>Foto: Arroyito Online. <\/p>\n","protected":false},"excerpt":{"rendered":"<p>Tambi\u00e9n se sumaron intendentes y jefes comunales de la regi\u00f3n y autoridades policiales zonales y locales. El martes a la&hellip;<\/p>\n","protected":false},"author":3,"featured_media":3053,"comment_status":"closed","ping_status":"open","sticky":false,"template":"","format":"standard","meta":{"footnotes":""},"categories":[829],"tags":[66,67,836,253,454,527,868,555,556,635,923],"class_list":["post-3052","post","type-post","status-publish","format-standard","has-post-thumbnail","hentry","category-municipales-online","tag-arroyito","tag-arroyito-cordoba","tag-arroyito-online","tag-cravero","tag-intendente","tag-mauricio-cravero","tag-municipales-online","tag-municipalidad","tag-municipalidad-de-arroyito","tag-policia","tag-policia-federal-argentina"],"_links":{"self":[{"href":"https:\/\/arroyitoonline.com.ar\/index.php?rest_route=\/wp\/v2\/posts\/3052","targetHints":{"allow":["GET"]}}],"collection":[{"href":"https:\/\/arroyitoonline.com.ar\/index.php?rest_route=\/wp\/v2\/posts"}],"about":[{"href":"https:\/\/arroyitoonline.com.ar\/index.php?rest_route=\/wp\/v2\/types\/post"}],"author":[{"embeddable":true,"href":"https:\/\/arroyitoonline.com.ar\/index.php?rest_route=\/wp\/v2\/users\/3"}],"replies":[{"embeddable":true,"href":"https:\/\/arroyitoonline.com.ar\/index.php?rest_route=%2Fwp%2Fv2%2Fcomments&post=3052"}],"version-history":[{"count":3,"href":"https:\/\/arroyitoonline.com.ar\/index.php?rest_route=\/wp\/v2\/posts\/3052\/revisions"}],"predecessor-version":[{"id":3057,"href":"https:\/\/arroyitoonline.com.ar\/index.php?rest_route=\/wp\/v2\/posts\/3052\/revisions\/3057"}],"wp:featuredmedia":[{"embeddable":true,"href":"https:\/\/arroyitoonline.com.ar\/index.php?rest_route=\/wp\/v2\/media\/3053"}],"wp:attachment":[{"href":"https:\/\/arroyitoonline.com.ar\/index.php?rest_route=%2Fwp%2Fv2%2Fmedia&parent=3052"}],"wp:term":[{"taxonomy":"category","embeddable":true,"href":"https:\/\/arroyitoonline.com.ar\/index.php?rest_route=%2Fwp%2Fv2%2Fcategories&post=3052"},{"taxonomy":"post_tag","embeddable":true,"href":"https:\/\/arroyitoonline.com.ar\/index.php?rest_route=%2Fwp%2Fv2%2Ftags&post=3052"}],"curies":[{"name":"wp","href":"https:\/\/api.w.org\/{rel}","templated":true}]}}