{"id":3058,"date":"2019-03-29T04:48:07","date_gmt":"2019-03-29T04:48:07","guid":{"rendered":"http:\/\/arroyitoonline.com.ar\/?p=3058"},"modified":"2019-03-29T04:48:08","modified_gmt":"2019-03-29T04:48:08","slug":"lafarina-gestiona-educacion-publica-y-gratuita-para-arroyito","status":"publish","type":"post","link":"https:\/\/arroyitoonline.com.ar\/?p=3058","title":{"rendered":"Lafarina gestiona educaci\u00f3n p\u00fablica y gratuita para Arroyito"},"content":{"rendered":"\n<p><strong>El precandidato mantuvo un encuentro con el decano de la Facultad de Ciencias Agropecuarias de la Universidad\u00a0Nacional de C\u00f3rdoba, ing. Agr. Marcelo Conrrero. <\/strong><\/p>\n\n\n\n<p>El martes pasado, el precandidato a intendente radical por la l\u00ednea craverista, Daniel Lafarina, y el director municipal de Deportes, Gustavo Pecchio, se reunieron con el decano de la Facultad de Ciencias Agropecuarias de la Universidad\u00a0Nacional de C\u00f3rdoba, ingeniero Agr\u00f3nomo Marcelo Conrrero.<\/p>\n\n\n\n<p><em>&#8220;En un di\u00e1logo ameno y productivo, hablando el mismo idioma, charlamos sobre un proyecto del rector de la UNC, Dr. Hugo Oscar Juri, que creemos podr\u00eda prosperar en nuestra ciudad. Se tratar\u00eda del Campus Este, que proporcionar\u00eda un n\u00facleo de facultades que van dictando cursos y carreras cortas solicitadas por empresas de la zona y, a su vez, dar\u00edan cr\u00e9ditos para la generaci\u00f3n de t\u00edtulos de grado&#8221;,<\/em>coment\u00f3 sobre el encuentro el actual secretario de Obras P\u00fablicas.<\/p>\n\n\n\n<p>Tambi\u00e9n dijo que podr\u00eda dictarse un bachillerato en ciencias Aplicadas para que los egresados luego sigan cualquier tipo de Ingenier\u00eda.<\/p>\n\n\n\n<p><em>&#8220;En este encuentro tejimos muy buenos puentes y hemos mostrado mutuo entusiasmo. Sabemos que tenemos muchas cosas por hacer, por eso seguiremos apostando y trabajando, para que la educaci\u00f3n p\u00fablica en Arroyito sea m\u00e1s que un deseo y la hagamos realidad&#8221;<\/em>, remarc\u00f3 el ingeniero civil, quien siempre remarca que se siente agradecido por su formaci\u00f3n en la universidad p\u00fablica.  <\/p>\n","protected":false},"excerpt":{"rendered":"<p>El precandidato mantuvo un encuentro con el decano de la Facultad de Ciencias Agropecuarias de la Universidad\u00a0Nacional de C\u00f3rdoba, ing.&hellip;<\/p>\n","protected":false},"author":3,"featured_media":3059,"comment_status":"closed","ping_status":"open","sticky":false,"template":"","format":"standard","meta":{"footnotes":""},"categories":[830],"tags":[66,67,836,310,837,555,556,906,785],"class_list":["post-3058","post","type-post","status-publish","format-standard","has-post-thumbnail","hentry","category-educacion-online","tag-arroyito","tag-arroyito-cordoba","tag-arroyito-online","tag-educacion","tag-lafarina","tag-municipalidad","tag-municipalidad-de-arroyito","tag-unc","tag-universidad"],"_links":{"self":[{"href":"https:\/\/arroyitoonline.com.ar\/index.php?rest_route=\/wp\/v2\/posts\/3058","targetHints":{"allow":["GET"]}}],"collection":[{"href":"https:\/\/arroyitoonline.com.ar\/index.php?rest_route=\/wp\/v2\/posts"}],"about":[{"href":"https:\/\/arroyitoonline.com.ar\/index.php?rest_route=\/wp\/v2\/types\/post"}],"author":[{"embeddable":true,"href":"https:\/\/arroyitoonline.com.ar\/index.php?rest_route=\/wp\/v2\/users\/3"}],"replies":[{"embeddable":true,"href":"https:\/\/arroyitoonline.com.ar\/index.php?rest_route=%2Fwp%2Fv2%2Fcomments&post=3058"}],"version-history":[{"count":1,"href":"https:\/\/arroyitoonline.com.ar\/index.php?rest_route=\/wp\/v2\/posts\/3058\/revisions"}],"predecessor-version":[{"id":3060,"href":"https:\/\/arroyitoonline.com.ar\/index.php?rest_route=\/wp\/v2\/posts\/3058\/revisions\/3060"}],"wp:featuredmedia":[{"embeddable":true,"href":"https:\/\/arroyitoonline.com.ar\/index.php?rest_route=\/wp\/v2\/media\/3059"}],"wp:attachment":[{"href":"https:\/\/arroyitoonline.com.ar\/index.php?rest_route=%2Fwp%2Fv2%2Fmedia&parent=3058"}],"wp:term":[{"taxonomy":"category","embeddable":true,"href":"https:\/\/arroyitoonline.com.ar\/index.php?rest_route=%2Fwp%2Fv2%2Fcategories&post=3058"},{"taxonomy":"post_tag","embeddable":true,"href":"https:\/\/arroyitoonline.com.ar\/index.php?rest_route=%2Fwp%2Fv2%2Ftags&post=3058"}],"curies":[{"name":"wp","href":"https:\/\/api.w.org\/{rel}","templated":true}]}}