{"id":3061,"date":"2019-03-29T05:02:44","date_gmt":"2019-03-29T05:02:44","guid":{"rendered":"http:\/\/arroyitoonline.com.ar\/?p=3061"},"modified":"2019-03-29T13:43:38","modified_gmt":"2019-03-29T13:43:38","slug":"ultiman-detalles-para-el-rally-2019","status":"publish","type":"post","link":"https:\/\/arroyitoonline.com.ar\/?p=3061","title":{"rendered":"Ultiman detalles para el Rally 2019"},"content":{"rendered":"\n<p><strong>Este fin de semana vuelven a rugir los motores. Para la seguridad de los participantes, se reunieron los responsables. <\/strong><\/p>\n\n\n\n<p>En la ma\u00f1ana de ayer, en la Sala de Deliberaciones del edificio municipal, se reunieron miembros de las Polic\u00edas local y Caminera, cuerpo de Inspectores municipales, pilotos, Bomberos y colaboradores junto al director de Deportes, Gustavo Pecchio, para el repaso de temas inherentes a la seguridad para de esta 2\u00aa fecha y 4\u00aa Edici\u00f3n del Rally Regional en nuestra ciudad.<\/p>\n\n\n\n<p>Adem\u00e1s, los presentes realizaron un muestreo general de los recorridos, con los respectivos enlaces, roles y funciones de cada cuerpo y protocolos de seguridad para la competencia. Tambi\u00e9n trataron el informe de seguridad y esquema de sanidad (Protocolo FIA \u2013Federaci\u00f3n Internacional del Automovilismo-), preparado por Siamer, Emergencias y Rescate medico C\u00f3rdoba, temas relacionados con los cortes de calles y caminos y la funci\u00f3n de los veh\u00edculos de seguridad.<\/p>\n\n\n\n<p>Todo ello en pos del cuidado de las personas que presencien el paso de los coches de carrera. No obstante, desde la organizaci\u00f3n pidieron <em>&#8220;a los amantes de este deporte, que tomen las precauciones y respeten las indicaciones de estas personas al momento del paso de los veh\u00edculos y previo a ello&#8221;<\/em>.<\/p>\n\n\n\n<p>Cabe destacar que el s\u00e1bado 30 a las 19:30 horas har\u00e1 su paso el Super Especial por el circuito demarcado en inmediaciones al Balneario Municipal. Luego, a las 21:00 horas, los coches se dirigir\u00e1n a la rampa de largada frente al edificio municipal.&nbsp;<\/p>\n\n\n\n<p>Por su parte, el domingo 31 continuar\u00e1, desde las 9:00 horas, por los tramos elegidos, y alrededor de las 14:00 horas pasar\u00e1n de nuevo por el Balneario.<\/p>\n\n\n\n<p>Fuente: Prensa Municipal. <\/p>\n","protected":false},"excerpt":{"rendered":"<p>Este fin de semana vuelven a rugir los motores. Para la seguridad de los participantes, se reunieron los responsables. En&hellip;<\/p>\n","protected":false},"author":3,"featured_media":3062,"comment_status":"closed","ping_status":"open","sticky":false,"template":"","format":"standard","meta":{"footnotes":""},"categories":[3],"tags":[66,67,276,277,555,556,672,723],"class_list":["post-3061","post","type-post","status-publish","format-standard","has-post-thumbnail","hentry","category-infodeporte","tag-arroyito","tag-arroyito-cordoba","tag-deporte","tag-deportes","tag-municipalidad","tag-municipalidad-de-arroyito","tag-rally","tag-seguridad"],"_links":{"self":[{"href":"https:\/\/arroyitoonline.com.ar\/index.php?rest_route=\/wp\/v2\/posts\/3061","targetHints":{"allow":["GET"]}}],"collection":[{"href":"https:\/\/arroyitoonline.com.ar\/index.php?rest_route=\/wp\/v2\/posts"}],"about":[{"href":"https:\/\/arroyitoonline.com.ar\/index.php?rest_route=\/wp\/v2\/types\/post"}],"author":[{"embeddable":true,"href":"https:\/\/arroyitoonline.com.ar\/index.php?rest_route=\/wp\/v2\/users\/3"}],"replies":[{"embeddable":true,"href":"https:\/\/arroyitoonline.com.ar\/index.php?rest_route=%2Fwp%2Fv2%2Fcomments&post=3061"}],"version-history":[{"count":4,"href":"https:\/\/arroyitoonline.com.ar\/index.php?rest_route=\/wp\/v2\/posts\/3061\/revisions"}],"predecessor-version":[{"id":3069,"href":"https:\/\/arroyitoonline.com.ar\/index.php?rest_route=\/wp\/v2\/posts\/3061\/revisions\/3069"}],"wp:featuredmedia":[{"embeddable":true,"href":"https:\/\/arroyitoonline.com.ar\/index.php?rest_route=\/wp\/v2\/media\/3062"}],"wp:attachment":[{"href":"https:\/\/arroyitoonline.com.ar\/index.php?rest_route=%2Fwp%2Fv2%2Fmedia&parent=3061"}],"wp:term":[{"taxonomy":"category","embeddable":true,"href":"https:\/\/arroyitoonline.com.ar\/index.php?rest_route=%2Fwp%2Fv2%2Fcategories&post=3061"},{"taxonomy":"post_tag","embeddable":true,"href":"https:\/\/arroyitoonline.com.ar\/index.php?rest_route=%2Fwp%2Fv2%2Ftags&post=3061"}],"curies":[{"name":"wp","href":"https:\/\/api.w.org\/{rel}","templated":true}]}}