{"id":3070,"date":"2019-03-29T18:19:15","date_gmt":"2019-03-29T18:19:15","guid":{"rendered":"http:\/\/arroyitoonline.com.ar\/?p=3070"},"modified":"2019-03-29T18:19:16","modified_gmt":"2019-03-29T18:19:16","slug":"en-conferencia-de-prensa-dieron-precisiones-sobre-la-4a-edicion-del-rally-regional","status":"publish","type":"post","link":"https:\/\/arroyitoonline.com.ar\/?p=3070","title":{"rendered":"En conferencia de prensa, dieron precisiones sobre la 4\u00aa edici\u00f3n del Rally Regional"},"content":{"rendered":"\n<p><strong>El fin de semana vuelven a rugir los motores y, esta ma\u00f1ana, la organizaci\u00f3n expuso recomendaciones en relaci\u00f3n al evento deportivo.<\/strong><\/p>\n\n\n\n<p>Esta ma\u00f1ana, en el Auditorio Coral Municipal, la organizaci\u00f3n dio detalles en relaci\u00f3n al 4\u00ba Rally Regional Arroyito, correspondiente a la segunda fecha de las organizadas por la Asociaci\u00f3n Civil de Pilotos Unidos de Rally (Acpur) y fiscalizado por la Federaci\u00f3n Regional de Automovilismo Deportivo C\u00f3rdoba. El evento se desarrollar\u00e1 ma\u00f1ana s\u00e1bado 30 y el domingo 31 de marzo. <\/p>\n\n\n\n<p>En la conferencia de prensa estuvieron presentes el intendente Mauricio Cravero, el director de Deportes Gustavo Pecchio y el presidente de Acpur Alfredo V\u00e9lez. Adem\u00e1s acompa\u00f1aron pilotos locales y personas que ayudan en la diagramaci\u00f3n de este evento, como Pablo Casas, Jos\u00e9 Cabrera, Carlos Guevara, Carlos Soldavini, Victor Mondino, Miguel \u201cKapi\u201d Dom\u00ednguez, entre otros.<\/p>\n\n\n\n<p>Cabe destacar que se espera la participaci\u00f3n de unos 50 veh\u00edculos divididos en siete categor\u00edas.<\/p>\n\n\n\n<p>La competencia comenzar\u00e1 el s\u00e1bado 30 a las 19:30 horas, en el circuito demarcado por las inmediaciones del Balneario Municipal. Luego de una vuelta, cada uno de los veh\u00edculos se dirigir\u00e1 frente al municipio, donde estar\u00e1 erigida la rampa de largada. Desde all\u00ed, a las 21:30 horas, lanzar\u00e1n de manera oficial la segunda Fecha del Rally Regional en nuestra ciudad.<\/p>\n\n\n\n<p>Por su parte, el domingo 31 ser\u00e1 el de mayor actividad. A partir de las 9:00 horas comenzar\u00e1n los tramos de largada desde El Fuertecito, y por caminos rurales, hasta el cruce con ruta E-52, para que luego se haga enlace al segundo tramo, comprendido entre este lugar y casi la intersecci\u00f3n con ruta 19, por el tradicional y cl\u00e1sico camino a Los Membrillos.\u00a0<\/p>\n\n\n\n<p>Adem\u00e1s habr\u00e1 dos segmentos especiales, que se correr\u00e1n por el circuito demarcado por las inmediaciones del Balneario Municipal cerca de las 14:30 horas, dando por finalizado el espect\u00e1culo frente a la Municipalidad, en la rampa de premiaci\u00f3n, una hora despu\u00e9s.<\/p>\n\n\n\n<p>A continuaci\u00f3n, algunas de las recomendaciones de car\u00e1cter OBLIGATORIAS para los participantes:<\/p>\n\n\n\n<p>1 \u2013 No conduzcas un veh\u00edculo si consumiste alcohol. Design\u00e1 un conductor responsable para ello.<\/p>\n\n\n\n<p>2 \u2013 Por ning\u00fan motivo imites a los pilotos, ellos lo hacen en autos preparados con la seguridad y con la indumentaria correspondientes que los resguardan de cualquier incidente.<br><\/p>\n\n\n\n<p>3 \u2013 No te ubiques en las zonas que est\u00e9n demarcadas con la cinta de peligro.<\/p>\n\n\n\n<p>4 \u2013 Manten\u00e9 a los menores cerca de donde est\u00e9s, en un lugar seguro y alejado del camino.<\/p>\n\n\n\n<p>5 \u2013 Si llev\u00e1s mascota, que est\u00e9 con correa bajo tu resguardo y no suelta.<\/p>\n\n\n\n<p>6 \u2013 No hagas fuego.<\/p>\n\n\n\n<p>7 \u2013 Ingres\u00e1 a los tramos antes de la hora pactada.<\/p>\n\n\n\n<p>8 \u2013 No dejes residuos. Llevalos con vos en bolsas hasta depositarlos en recipientes adecuados.<\/p>\n\n\n\n<p>9 \u2013 En caso de accidente de un veh\u00edculo de competencia, no te re\u00fanas en torno al rodado.<\/p>\n\n\n\n<p>10 \u2013 Abandon\u00e1 el sector una vez que pase el coche de \u201cbarrido\u201d. Este saldr\u00e1 minutos despu\u00e9s del \u00faltimo veh\u00edculo de competencia.<\/p>\n\n\n\n<p>Fuente: Prensa Municipal.<\/p>\n","protected":false},"excerpt":{"rendered":"<p>El fin de semana vuelven a rugir los motores y, esta ma\u00f1ana, la organizaci\u00f3n expuso recomendaciones en relaci\u00f3n al evento&hellip;<\/p>\n","protected":false},"author":3,"featured_media":3071,"comment_status":"closed","ping_status":"open","sticky":false,"template":"","format":"standard","meta":{"footnotes":""},"categories":[3],"tags":[66,67,836,84,253,276,277,454,527,555,556,915,672],"class_list":["post-3070","post","type-post","status-publish","format-standard","has-post-thumbnail","hentry","category-infodeporte","tag-arroyito","tag-arroyito-cordoba","tag-arroyito-online","tag-automotor","tag-cravero","tag-deporte","tag-deportes","tag-intendente","tag-mauricio-cravero","tag-municipalidad","tag-municipalidad-de-arroyito","tag-municipalidad-de-cordoba","tag-rally"],"_links":{"self":[{"href":"https:\/\/arroyitoonline.com.ar\/index.php?rest_route=\/wp\/v2\/posts\/3070","targetHints":{"allow":["GET"]}}],"collection":[{"href":"https:\/\/arroyitoonline.com.ar\/index.php?rest_route=\/wp\/v2\/posts"}],"about":[{"href":"https:\/\/arroyitoonline.com.ar\/index.php?rest_route=\/wp\/v2\/types\/post"}],"author":[{"embeddable":true,"href":"https:\/\/arroyitoonline.com.ar\/index.php?rest_route=\/wp\/v2\/users\/3"}],"replies":[{"embeddable":true,"href":"https:\/\/arroyitoonline.com.ar\/index.php?rest_route=%2Fwp%2Fv2%2Fcomments&post=3070"}],"version-history":[{"count":1,"href":"https:\/\/arroyitoonline.com.ar\/index.php?rest_route=\/wp\/v2\/posts\/3070\/revisions"}],"predecessor-version":[{"id":3072,"href":"https:\/\/arroyitoonline.com.ar\/index.php?rest_route=\/wp\/v2\/posts\/3070\/revisions\/3072"}],"wp:featuredmedia":[{"embeddable":true,"href":"https:\/\/arroyitoonline.com.ar\/index.php?rest_route=\/wp\/v2\/media\/3071"}],"wp:attachment":[{"href":"https:\/\/arroyitoonline.com.ar\/index.php?rest_route=%2Fwp%2Fv2%2Fmedia&parent=3070"}],"wp:term":[{"taxonomy":"category","embeddable":true,"href":"https:\/\/arroyitoonline.com.ar\/index.php?rest_route=%2Fwp%2Fv2%2Fcategories&post=3070"},{"taxonomy":"post_tag","embeddable":true,"href":"https:\/\/arroyitoonline.com.ar\/index.php?rest_route=%2Fwp%2Fv2%2Ftags&post=3070"}],"curies":[{"name":"wp","href":"https:\/\/api.w.org\/{rel}","templated":true}]}}