{"id":3097,"date":"2019-04-02T21:26:54","date_gmt":"2019-04-02T21:26:54","guid":{"rendered":"http:\/\/arroyitoonline.com.ar\/?p=3097"},"modified":"2019-04-02T21:31:33","modified_gmt":"2019-04-02T21:31:33","slug":"conmemoraron-el-37o-aniversario-de-la-guerra-de-malvinas","status":"publish","type":"post","link":"https:\/\/arroyitoonline.com.ar\/?p=3097","title":{"rendered":"Conmemoraron el 37\u00ba Aniversario de la Guerra de Malvinas"},"content":{"rendered":"\n<p><strong>El Municipio homenaje\u00f3 a excombatientes y j\u00f3venes integrantes de Generaci\u00f3n Malvinas, en su mayor\u00eda, hijos de veteranos de la gesta.<\/strong><\/p>\n\n\n\n<p>Durante la ma\u00f1ana de hoy martes 2 de abril, en la Plazoleta Malvinas, el Municipio realiz\u00f3 el acto oficial conmemorando el D\u00eda del Veterano y de los Ca\u00eddos en la Guerra de Malvinas, en el marco del 37\u00b0 Aniversario de la gesta. <\/p>\n\n\n\n<p>Adem\u00e1s de las autoridades municipales, encabezadas por el intendente Mauricio Cravero, tambi\u00e9n asistieron j\u00f3venes de Generaci\u00f3n Malvinas,  <br>Bomberos, Polic\u00eda, familiares, vecinos y los excombatientes del Centro de Veteranos de Guerra Circuito Arroyito: Daniel Demarco, Nelson Gorosito, Daniel Almada, Miguel Calder\u00f3n, Jos\u00e9 Bachilleri, V\u00edctor Machado, Mario Loyola y Dante Oron\u00e1.<\/p>\n\n\n\n<p>En primer lugar, los hijos de veteranos homenajearon a los que quedaron y volvieron, con un video. A continuaci\u00f3n, los presentes entonaron las estrofas del himno Nacional, a cargo de la Banda Sinf\u00f3nica Municipal, e hicieron un minuto de silencio por aquellos que descansan en Puerto Argentino y por todos los que murieron despu\u00e9s del conflicto b\u00e9lico.<\/p>\n\n\n\n<p>M\u00e1s tarde, el primer mandatario local entreg\u00f3 una Bandera de Ceremonias de Arroyito, al&nbsp;presidente de Veteranos Circuito Arroyito, Dante Oron\u00e1. Luego, juntos depositaron la cl\u00e1sica ofrenda floral frente al monumento del espacio p\u00fablico. <\/p>\n\n\n\n<p>Continuando con el acto, autoridades municipales homenajearon a cada excombatiente y a j\u00f3venes de Generaci\u00f3n Malvinas entreg\u00e1ndoles reconocimientos. <\/p>\n\n\n\n<p><em>&#8220;Un homenaje a los soldados de la guerra de Malvinas. A los ca\u00eddos en las islas y a los que volvieron y fueron escondidos por la dictadura militar, negados por una parte importante de la sociedad. Hoy ya son hombres y llevan en sus memorias y en sus cuerpos los dolores y los horrores de esa guerra absurda, inc\u00f3moda, desgarradora, compleja, incomprensible&#8221;<\/em>, remarcaron desde la actual administraci\u00f3n municipal, agregando que <em>&#8220;No debemos olvidar que esos chicos de 18 y 20 a\u00f1os que fueron a la guerra, no ten\u00edan derechos en nuestro pa\u00eds, no pod\u00edan votar ni opinar, ni tener el pelo largo; pero fueron enviados a morir y a matar&#8221;<\/em>. <\/p>\n\n\n\n<p>Fuente: Prensa Municipal. <\/p>\n\n\n\n<p>Foto: Walter Llanes.<\/p>\n","protected":false},"excerpt":{"rendered":"<p>El Municipio homenaje\u00f3 a excombatientes y j\u00f3venes integrantes de Generaci\u00f3n Malvinas, en su mayor\u00eda, hijos de veteranos de la gesta.&hellip;<\/p>\n","protected":false},"author":3,"featured_media":3101,"comment_status":"closed","ping_status":"open","sticky":false,"template":"","format":"standard","meta":{"footnotes":""},"categories":[829],"tags":[66,67,836,253,924,903,515,527,555,556,631,904],"class_list":["post-3097","post","type-post","status-publish","format-standard","has-post-thumbnail","hentry","category-municipales-online","tag-arroyito","tag-arroyito-cordoba","tag-arroyito-online","tag-cravero","tag-dia-del-veterano-y-de-los-caidos-en-la-guerra-de-malvinas","tag-generacion-malvinas-arroyito","tag-malvinas","tag-mauricio-cravero","tag-municipalidad","tag-municipalidad-de-arroyito","tag-plazoleta","tag-veterano-de-guerra"],"_links":{"self":[{"href":"https:\/\/arroyitoonline.com.ar\/index.php?rest_route=\/wp\/v2\/posts\/3097","targetHints":{"allow":["GET"]}}],"collection":[{"href":"https:\/\/arroyitoonline.com.ar\/index.php?rest_route=\/wp\/v2\/posts"}],"about":[{"href":"https:\/\/arroyitoonline.com.ar\/index.php?rest_route=\/wp\/v2\/types\/post"}],"author":[{"embeddable":true,"href":"https:\/\/arroyitoonline.com.ar\/index.php?rest_route=\/wp\/v2\/users\/3"}],"replies":[{"embeddable":true,"href":"https:\/\/arroyitoonline.com.ar\/index.php?rest_route=%2Fwp%2Fv2%2Fcomments&post=3097"}],"version-history":[{"count":2,"href":"https:\/\/arroyitoonline.com.ar\/index.php?rest_route=\/wp\/v2\/posts\/3097\/revisions"}],"predecessor-version":[{"id":3102,"href":"https:\/\/arroyitoonline.com.ar\/index.php?rest_route=\/wp\/v2\/posts\/3097\/revisions\/3102"}],"wp:featuredmedia":[{"embeddable":true,"href":"https:\/\/arroyitoonline.com.ar\/index.php?rest_route=\/wp\/v2\/media\/3101"}],"wp:attachment":[{"href":"https:\/\/arroyitoonline.com.ar\/index.php?rest_route=%2Fwp%2Fv2%2Fmedia&parent=3097"}],"wp:term":[{"taxonomy":"category","embeddable":true,"href":"https:\/\/arroyitoonline.com.ar\/index.php?rest_route=%2Fwp%2Fv2%2Fcategories&post=3097"},{"taxonomy":"post_tag","embeddable":true,"href":"https:\/\/arroyitoonline.com.ar\/index.php?rest_route=%2Fwp%2Fv2%2Ftags&post=3097"}],"curies":[{"name":"wp","href":"https:\/\/api.w.org\/{rel}","templated":true}]}}