{"id":3104,"date":"2019-04-01T20:28:10","date_gmt":"2019-04-01T20:28:10","guid":{"rendered":"http:\/\/arroyitoonline.com.ar\/?p=3104"},"modified":"2019-04-03T13:54:31","modified_gmt":"2019-04-03T13:54:31","slug":"fue-exitosa-la-4a-edicion-del-rally-regional-arroyito","status":"publish","type":"post","link":"https:\/\/arroyitoonline.com.ar\/?p=3104","title":{"rendered":"Fue exitosa la 4\u00aa edici\u00f3n del Rally Regional Arroyito"},"content":{"rendered":"\n<p><strong>Ayer culmin\u00f3 con \u00e9xito el 4\u00aa edici\u00f3n del Rally Regional de la ciudad de Arroyito, correspondiente a la 2\u00aa fecha del certamen.&nbsp;<\/strong><\/p>\n\n\n\n<p>Con un operativo de seguridad a la altura de las grandes competencias, en pos del cuidado de los vecinos que concurrieron a cada una de las etapas, el fin de semana se desarroll\u00f3 con total normalidad la 4\u00aa edici\u00f3n del Rally Regional Arroyito, en su 2\u00aa fecha. <\/p>\n\n\n\n<p>Todo comenz\u00f3 el s\u00e1bado 30, con un tramo especial en las inmediaciones del Balneario Municipal alrededor de las 19:30 horas. Luego los coches se dirigieron a la rampa de largada y, a las 21:00 horas frente al edificio municipal, autoridades, organizadores y pilotos hicieron el tradicional corte de cinta, dando por comenzada de manera oficial la competencia. <\/p>\n\n\n\n<p>Adem\u00e1s, por la rampa transitaron todos los veh\u00edculos de carrera y los que estaban afectados a la seguridad, con un marco importante de p\u00fablico que concurri\u00f3 alentando a sus favoritos y apoyando la competencia. <\/p>\n\n\n\n<p>En la ocasi\u00f3n, el intendente Mauricio Cravero y el director de Deportes Gustavo Pecchio hicieron un reconocimiento a personas que participaron en la organizaci\u00f3n. Tambi\u00e9n ellos devolvieron gentilezas, agradeciendo al primer mandatario, por darles la posibilidad de que realicen este gran evento en nuestra ciudad.<\/p>\n\n\n\n<p>Luego, el domingo 31 a las 9:00 horas, comenz\u00f3 la carrera complet\u00e1ndose los tramos que hab\u00edan sido elegidos, culminando los veh\u00edculos, su pasada por el Prime Especial en la zona del Balneario Municipal. Cabe destacar que el parque de asistencia funcion\u00f3 en las instalaciones del Club Deportivo y Cultural Arroyito.<\/p>\n\n\n\n<p>M\u00e1s tarde, cerca de las 16:30 horas, ocurri\u00f3 la premiaci\u00f3n en la rampa frente al edificio municipal, donde se les entregaron los respectivos trofeos a las seis categor\u00edas de la competencia. La participaci\u00f3n m\u00e1s destacada de los pilotos locales se dio para la dupla Strumia-Strumia, Arnoleto-Durando y S\u00e1nchez-S\u00e1nchez y el podio fue compartido por un arroyitense y un tordillense, la dupla Signorile-Signorile.<\/p>\n\n\n\n<p>Al final, Cravero agradeci\u00f3 <em>&#8220;al p\u00fablico, por su buen comportamiento; a los pilotos; a todas las personas que participaron en la organizaci\u00f3n; como as\u00ed tambi\u00e9n a las fuerzas de seguridad, Polic\u00eda local y Caminera, Bomberos, Defensa Civil e inspectores municipales; Elcides Schot, quien aport\u00f3 las comunicaciones;&nbsp;empleados municipales de todas las a\u00e9reas involucradas, y al club que cedi\u00f3 sus instalaciones&#8221;<\/em>.<\/p>\n\n\n\n<p><em>\u201cUna vez m\u00e1s le dijimos si a este Rally y no dejo de admirar el gran acompa\u00f1amiento de los miles de vecinos que han participado estos dos d\u00edas en un evento familiar de nivel. A todos, GRACIAS&#8221;<\/em>, expres\u00f3 el primer mandatario local. <\/p>\n\n\n\n<p>Fuente: Prensa Municipal.<\/p>\n\n\n\n<p>Foto: Benjam\u00edn Farnochi, para Arroyito Online.<\/p>\n","protected":false},"excerpt":{"rendered":"<p>Ayer culmin\u00f3 con \u00e9xito el 4\u00aa edici\u00f3n del Rally Regional de la ciudad de Arroyito, correspondiente a la 2\u00aa fecha&hellip;<\/p>\n","protected":false},"author":3,"featured_media":3123,"comment_status":"closed","ping_status":"open","sticky":false,"template":"","format":"standard","meta":{"footnotes":""},"categories":[3],"tags":[66,67,836,253,276,277,527,555,556,672],"class_list":["post-3104","post","type-post","status-publish","format-standard","has-post-thumbnail","hentry","category-infodeporte","tag-arroyito","tag-arroyito-cordoba","tag-arroyito-online","tag-cravero","tag-deporte","tag-deportes","tag-mauricio-cravero","tag-municipalidad","tag-municipalidad-de-arroyito","tag-rally"],"_links":{"self":[{"href":"https:\/\/arroyitoonline.com.ar\/index.php?rest_route=\/wp\/v2\/posts\/3104","targetHints":{"allow":["GET"]}}],"collection":[{"href":"https:\/\/arroyitoonline.com.ar\/index.php?rest_route=\/wp\/v2\/posts"}],"about":[{"href":"https:\/\/arroyitoonline.com.ar\/index.php?rest_route=\/wp\/v2\/types\/post"}],"author":[{"embeddable":true,"href":"https:\/\/arroyitoonline.com.ar\/index.php?rest_route=\/wp\/v2\/users\/3"}],"replies":[{"embeddable":true,"href":"https:\/\/arroyitoonline.com.ar\/index.php?rest_route=%2Fwp%2Fv2%2Fcomments&post=3104"}],"version-history":[{"count":2,"href":"https:\/\/arroyitoonline.com.ar\/index.php?rest_route=\/wp\/v2\/posts\/3104\/revisions"}],"predecessor-version":[{"id":3107,"href":"https:\/\/arroyitoonline.com.ar\/index.php?rest_route=\/wp\/v2\/posts\/3104\/revisions\/3107"}],"wp:featuredmedia":[{"embeddable":true,"href":"https:\/\/arroyitoonline.com.ar\/index.php?rest_route=\/wp\/v2\/media\/3123"}],"wp:attachment":[{"href":"https:\/\/arroyitoonline.com.ar\/index.php?rest_route=%2Fwp%2Fv2%2Fmedia&parent=3104"}],"wp:term":[{"taxonomy":"category","embeddable":true,"href":"https:\/\/arroyitoonline.com.ar\/index.php?rest_route=%2Fwp%2Fv2%2Fcategories&post=3104"},{"taxonomy":"post_tag","embeddable":true,"href":"https:\/\/arroyitoonline.com.ar\/index.php?rest_route=%2Fwp%2Fv2%2Ftags&post=3104"}],"curies":[{"name":"wp","href":"https:\/\/api.w.org\/{rel}","templated":true}]}}